{"id":7696,"date":"2022-07-21T19:59:47","date_gmt":"2022-07-22T00:59:47","guid":{"rendered":"https:\/\/podernacional.com\/?p=7696"},"modified":"2022-07-22T00:59:48","modified_gmt":"2022-07-22T00:59:48","slug":"fam-otono-desplegara-desde-septiembre-y-hasta-diciembre-siete-espectaculos-de-danza","status":"publish","type":"post","link":"https:\/\/podernacional.com\/?p=7696","title":{"rendered":"FAM Oto\u00f1o desplegar\u00e1 desde septiembre y hasta diciembre siete espect\u00e1culos de danza"},"content":{"rendered":"<h4>El Auditorio de Tenerife y el Espacio La Granja albergar\u00e1n las nuevas propuestas del Festival de las Artes del Movimiento<\/h4>\n<p>FAM Oto\u00f1o: Ouloy escenificar\u00e1 en FAM el solo &#8216;The very last northern white rhino&#8217; el 30 de septiembre.<\/p>\n<p>El Auditorio de Tenerife acaba de presentar la programaci\u00f3n de FAM Oto\u00f1o.<\/p>\n<p>Siete espect\u00e1culos de danza tendr\u00e1n lugar entre septiembre y diciembre en este espacio esc\u00e9nico del Cabildo y tambi\u00e9n en el Espacio La Granja.<\/p>\n<p>Lo cual\u00a0gestiona el Gobierno de Canarias.<\/p>\n<p>Toda la informaci\u00f3n sobre el festival y acerca de la adquisici\u00f3n de entradas se halla en el sitio web www.famtenerife.com.<\/p>\n<p>El primer espect\u00e1culo, el 17 de septiembre, brindar\u00e1 dos funciones (18.00 y 20.00 horas) en la Sala de C\u00e1mara del Auditorio de Tenerife.<\/p>\n<p>Pero con un aforo limitado, ya que TRES de Ballet Tri\u00e1dico, de Taiat Dansa, se desarrollar\u00e1 dentro del dispositivo que ha ingeniado la compa\u00f1\u00eda.<\/p>\n<p>Una especie de gran bola blanca en cuyo interior el p\u00fablico se sienta en cojines.<\/p>\n<p>La siguiente cita, el 24, ser\u00e1 en el exterior del Auditorio de Tenerife (19.00 horas) con la propuesta del bailar\u00edn catal\u00e1n Mag\u00ed Serra.<\/p>\n<p>Ademas de\u00a0la bailarina eslovena Anamaria Klajnscek. Cossoc es una coreograf\u00eda hipn\u00f3tica, que muestra la complejidad y sencillez de una relaci\u00f3n.<\/p>\n<p>&nbsp;<\/p>\n<h4>El Espacio La Granja ofrecer\u00e1 el d\u00eda 30 (20.00 horas) el solo The very last northern white rhino, de Gaston Core.<\/h4>\n<p>Interpretado por el bailar\u00edn Oulouy, esta pieza surge de la noticia de la muerte del \u00faltimo rinoceronte blanco del norte.<\/p>\n<p>Dejando como \u00faltimas de su especie a una madre y su hija, sin soluci\u00f3n de continuidad.<\/p>\n<p>El 21 de octubre (19.30 horas) la Sala Castillo del Auditorio de Tenerife recibir\u00e1 Parece nada, el trabajo esc\u00e9nico de Guillermo Weickert.<\/p>\n<p>La propuesta familiar del programa es Ehuna, de Teatro Para\u00edso, tendr\u00e1 lugar el d\u00eda 29 de ese mismo mes (17.00horas) en la Sala de C\u00e1mara.<\/p>\n<p>Las hermanas Gestring llevar\u00e1n su A muerte el 19 de noviembre (19.30 horas) a la Sala Castillo del Auditorio.<\/p>\n<p>El d\u00fao de creadoras, junto a David Climent, han concebido un espect\u00e1culo cuyo t\u00edtulo se presenta como lema, como forma de vida.<\/p>\n<p>As\u00ed como declaraci\u00f3n de intenciones ante cualquier espect\u00e1culo. Por \u00faltimo, Poliana Lima llega al festival.<\/p>\n<p>Con Las cosas se mueven pero no dicen nada, que se escenificar\u00e1 el 17 de diciembre (19.30 horas) en la Sala Sinf\u00f3nica.<\/p>\n<p>Las entradas se pueden adquirir en la web www.famtenerife.com, en la taquilla, de lunes a viernes, de 10.00 a 17.00 horas.<\/p>\n<p>As\u00ed como\u00a0s\u00e1bados, de 10.00 a 14.00 horas, y llamando al tel\u00e9fono 902 317 327 en ese horario.<\/p>\n<p>Algunos espect\u00e1culos cuentan con recomendaciones de edad, que se pueden consultar en la web.<\/p>\n<p>Hay descuentos para menores de 30 a\u00f1os, estudiantes, desempleados y familias numerosas.<\/p>\n","protected":false},"excerpt":{"rendered":"<p>El Auditorio de Tenerife y el Espacio La Granja albergar\u00e1n las nuevas propuestas del Festival de las Artes del Movimiento FAM Oto\u00f1o: Ouloy escenificar\u00e1 en FAM el solo &#8216;The very last northern white rhino&#8217; el 30 de septiembre. El Auditorio de Tenerife acaba de presentar la programaci\u00f3n de FAM Oto\u00f1o. Siete espect\u00e1culos de danza tendr\u00e1n [&hellip;]<\/p>\n","protected":false},"author":1,"featured_media":7698,"comment_status":"open","ping_status":"closed","sticky":false,"template":"","format":"standard","meta":{"footnotes":""},"categories":[4,5],"tags":[],"class_list":["post-7696","post","type-post","status-publish","format-standard","has-post-thumbnail","hentry","category-espectaculos","category-internacional"],"_links":{"self":[{"href":"https:\/\/podernacional.com\/index.php?rest_route=\/wp\/v2\/posts\/7696","targetHints":{"allow":["GET"]}}],"collection":[{"href":"https:\/\/podernacional.com\/index.php?rest_route=\/wp\/v2\/posts"}],"about":[{"href":"https:\/\/podernacional.com\/index.php?rest_route=\/wp\/v2\/types\/post"}],"author":[{"embeddable":true,"href":"https:\/\/podernacional.com\/index.php?rest_route=\/wp\/v2\/users\/1"}],"replies":[{"embeddable":true,"href":"https:\/\/podernacional.com\/index.php?rest_route=%2Fwp%2Fv2%2Fcomments&post=7696"}],"version-history":[{"count":1,"href":"https:\/\/podernacional.com\/index.php?rest_route=\/wp\/v2\/posts\/7696\/revisions"}],"predecessor-version":[{"id":7697,"href":"https:\/\/podernacional.com\/index.php?rest_route=\/wp\/v2\/posts\/7696\/revisions\/7697"}],"wp:featuredmedia":[{"embeddable":true,"href":"https:\/\/podernacional.com\/index.php?rest_route=\/wp\/v2\/media\/7698"}],"wp:attachment":[{"href":"https:\/\/podernacional.com\/index.php?rest_route=%2Fwp%2Fv2%2Fmedia&parent=7696"}],"wp:term":[{"taxonomy":"category","embeddable":true,"href":"https:\/\/podernacional.com\/index.php?rest_route=%2Fwp%2Fv2%2Fcategories&post=7696"},{"taxonomy":"post_tag","embeddable":true,"href":"https:\/\/podernacional.com\/index.php?rest_route=%2Fwp%2Fv2%2Ftags&post=7696"}],"curies":[{"name":"wp","href":"https:\/\/api.w.org\/{rel}","templated":true}]}}