{"id":7699,"date":"2022-07-21T20:54:08","date_gmt":"2022-07-22T01:54:08","guid":{"rendered":"https:\/\/podernacional.com\/?p=7699"},"modified":"2022-07-22T01:54:09","modified_gmt":"2022-07-22T01:54:09","slug":"seguridad-ambiental-internacional-y-salud-los-vinculos-olivados","status":"publish","type":"post","link":"https:\/\/podernacional.com\/?p=7699","title":{"rendered":"Seguridad ambiental internacional y salud: los v\u00ednculos olivados"},"content":{"rendered":"<h4>Una colaboraci\u00f3n de la Facultad de Estudios Globales de la Universidad An\u00e1huac M\u00e9xico<\/h4>\n<p>Seguridad ambiental : A m\u00e1s de 2 a\u00f1os de la declaratoria oficial por parte de la Organizaci\u00f3n Mundial de la Salud (OMS) de la pandemia del virus SARS-CoV-2.<\/p>\n<p>La cual es\u00a0causante del covid-19, es m\u00e1s usual leer y escuchar en medios de comunicaci\u00f3n no especializados que el fen\u00f3meno conocido como zoonosis.<\/p>\n<p>Es un proceso por el cual las enfermedades provenientes de animales silvestres pueden contagiar al ser humano.<\/p>\n<p>Ademas\u00a0es la raz\u00f3n m\u00e1s probable de su ocurrencia.<\/p>\n<p>No obstante, los an\u00e1lisis suelen detenerse en esta explicaci\u00f3n y no ahondan en qu\u00e9 provoca la zoonosis.<\/p>\n<p>Lo que es central para estudiar los v\u00ednculos, aparentemente olvidados, entre la seguridad ambiental internacional y la salud.<\/p>\n<p>En el art\u00edculo \u201cLos grandes problemas ambientales y su incidencia en la seguridad internacional\u201d, publicado en estas p\u00e1ginas el 18 de marzo de 2021.<\/p>\n<p>Defin\u00ed la seguridad ambiental como \u201cel estado en el que hay una relaci\u00f3n directamente proporcional entre el equilibrio ambiental\u201d.<\/p>\n<p>\u201cAs\u00ed como el desarrollo y el bienestar social, que puede influir en la seguridad nacional, regional e internacional\u201d.<\/p>\n<p>\u201cDicha relaci\u00f3n puede variar a partir de las amenazas y los riesgos al ambiente, tanto de origen natural como antropog\u00e9nicas\u201d.<\/p>\n<p>Lo que mantiene una absoluta vigencia a la hora de estudiar la fragilidad de la seguridad internacional frente a fen\u00f3menos que los especialistas \u201ctradicionales\u201d.<\/p>\n<p>En seguridad tienden a soslayar, y las causas que conducen a la zoonosis bien pueden ser parte de ellos.<\/p>\n<p>La salud, como pol\u00edtica nacional e internacional.<\/p>\n<p>Ademas forma parte de un complejo entramado de mecanismos tendientes a disminuir la vulnerabilidad del sistema de seguridad internacional.<\/p>\n<p>Pues la hip\u00f3tesis es que entre m\u00e1s sana sea la poblaci\u00f3n de los pa\u00edses.<\/p>\n<p>M\u00e1s aptos son para concentrarse en otro tipo de preocupaciones de seguridad.<\/p>\n<p>Por lo que no tendr\u00e1n que dirigir tantos esfuerzos ni recursos econ\u00f3micos a la atenci\u00f3n de salud de su poblaci\u00f3n.<\/p>\n<p>En este sentido, encontrar los v\u00ednculos entre la salud y la seguridad ambiental deber\u00eda estar entre las prioridades.<\/p>\n<p>En los c\u00e1lculos de seguridad nacional e internacional de los pa\u00edses y, sin embargo, es claro que no lo est\u00e1.<\/p>\n<p>La zoonosis siempre ha ocurrido, y con toda certeza seguir\u00e1 ocurriendo.<\/p>\n<p>La diferencia es que hoy las causas que la propician se est\u00e1n exacerbando como consecuencia de un proceso.<\/p>\n<p>El cual\u00a0involucra causas ambientales que hace tan solo unas d\u00e9cadas no exist\u00edan.<\/p>\n","protected":false},"excerpt":{"rendered":"<p>Una colaboraci\u00f3n de la Facultad de Estudios Globales de la Universidad An\u00e1huac M\u00e9xico Seguridad ambiental : A m\u00e1s de 2 a\u00f1os de la declaratoria oficial por parte de la Organizaci\u00f3n Mundial de la Salud (OMS) de la pandemia del virus SARS-CoV-2. La cual es\u00a0causante del covid-19, es m\u00e1s usual leer y escuchar en medios de [&hellip;]<\/p>\n","protected":false},"author":1,"featured_media":7701,"comment_status":"open","ping_status":"closed","sticky":false,"template":"","format":"standard","meta":{"footnotes":""},"categories":[5,11],"tags":[],"class_list":["post-7699","post","type-post","status-publish","format-standard","has-post-thumbnail","hentry","category-internacional","category-salud"],"_links":{"self":[{"href":"https:\/\/podernacional.com\/index.php?rest_route=\/wp\/v2\/posts\/7699","targetHints":{"allow":["GET"]}}],"collection":[{"href":"https:\/\/podernacional.com\/index.php?rest_route=\/wp\/v2\/posts"}],"about":[{"href":"https:\/\/podernacional.com\/index.php?rest_route=\/wp\/v2\/types\/post"}],"author":[{"embeddable":true,"href":"https:\/\/podernacional.com\/index.php?rest_route=\/wp\/v2\/users\/1"}],"replies":[{"embeddable":true,"href":"https:\/\/podernacional.com\/index.php?rest_route=%2Fwp%2Fv2%2Fcomments&post=7699"}],"version-history":[{"count":1,"href":"https:\/\/podernacional.com\/index.php?rest_route=\/wp\/v2\/posts\/7699\/revisions"}],"predecessor-version":[{"id":7700,"href":"https:\/\/podernacional.com\/index.php?rest_route=\/wp\/v2\/posts\/7699\/revisions\/7700"}],"wp:featuredmedia":[{"embeddable":true,"href":"https:\/\/podernacional.com\/index.php?rest_route=\/wp\/v2\/media\/7701"}],"wp:attachment":[{"href":"https:\/\/podernacional.com\/index.php?rest_route=%2Fwp%2Fv2%2Fmedia&parent=7699"}],"wp:term":[{"taxonomy":"category","embeddable":true,"href":"https:\/\/podernacional.com\/index.php?rest_route=%2Fwp%2Fv2%2Fcategories&post=7699"},{"taxonomy":"post_tag","embeddable":true,"href":"https:\/\/podernacional.com\/index.php?rest_route=%2Fwp%2Fv2%2Ftags&post=7699"}],"curies":[{"name":"wp","href":"https:\/\/api.w.org\/{rel}","templated":true}]}}