{"id":7702,"date":"2022-07-21T21:01:34","date_gmt":"2022-07-22T02:01:34","guid":{"rendered":"https:\/\/podernacional.com\/?p=7702"},"modified":"2022-07-22T02:01:35","modified_gmt":"2022-07-22T02:01:35","slug":"historico-primer-ano-en-cancun-sin-temporada-baja-por-alta-tarifa","status":"publish","type":"post","link":"https:\/\/podernacional.com\/?p=7702","title":{"rendered":"Hist\u00f3rico: primer a\u00f1o en Canc\u00fan sin temporada baja por alta tarifa"},"content":{"rendered":"<h4>La tarifa disparada en los hoteles del Caribe mexicano desde Semana Santa seguir\u00e1 al mismo valor \u2013 400 d\u00f3lares dependiendo la categor\u00eda.<\/h4>\n<p>Hist\u00f3rico: Ademas de ser todo el a\u00f1o sin ajustarse en los meses de temporada baja en este a\u00f1o particular.<\/p>\n<p>El primero m\u00e1s o menos normal despu\u00e9s de la pandemia que se desat\u00f3 en 2019.<\/p>\n<p>As\u00ed opinan operadores de viaje de Canc\u00fan y de otras zonas del Caribe mexicano en un relevamiento que realiz\u00f3.<\/p>\n<p>La respuesta com\u00fan se sostiene en que la demanda es muy alta.<\/p>\n<p>Pero la oferta tambi\u00e9n en este momento particular del mundo con el incremento de todos los precios de la econom\u00eda en general.<\/p>\n<p>Incluyendo los tickets a\u00e9reos. Canc\u00fan con lleno hotelero para el verano y tarifas disparadas<\/p>\n<p>Es cierto que el d\u00f3lar tambi\u00e9n causa que las personas puedan quedarse en casa o elegir nuevos destinos.<\/p>\n<p>Pero el que quiere venir a Canc\u00fan va a continuar viniendo sea haciendo ajustes, un referente del sector con muchos a\u00f1os en el Caribe mexicano.<\/p>\n<p>No habr\u00e1 temporada baja este a\u00f1o. Incluso muchos destinos de M\u00e9xico, como Los Cabos y Vallarta tienen mucha ocupaci\u00f3n.<\/p>\n<p>Tambi\u00e9n Huatulco por la mayor conexi\u00f3n a\u00e9rea y la infraestructura hotelera. Todos los destinos de sol y playa se destacan este a\u00f1o\u00bb, agrega.<\/p>\n<p>\u00abUn medidor importante de visitantes siempre es Xcaret y Coco Bongo- dice otro operador de viajes-.<\/p>\n<p>La tendencia al alza de las reservas garantiza un 95% lleno todo el a\u00f1o de la discoteca. La gente seguir\u00e1 viniendo hasta finales de 2022.<\/p>\n<p>Como se revel\u00f3 el Grupo Aeroportuario del Sureste inform\u00f3 que el Aeropuerto Internacional de Canc\u00fan.<\/p>\n<p>Por ende\u00a0super\u00f3 el s\u00e1bado de nuevo las 600 operaciones al registrar 630 vuelos (la suma de despegues y aterrizajes).<\/p>\n<p>Ademas con una conexi\u00f3n con 63 destinos en el extranjero (Canc\u00fan enlaza d\u00edas de r\u00e9cords de vuelos con 63 destinos extranjeros<\/p>\n<p>Por ende, es hist\u00f3rico: primer a\u00f1o en Canc\u00fan sin temporada baja por alta tarifa<\/p>\n","protected":false},"excerpt":{"rendered":"<p>La tarifa disparada en los hoteles del Caribe mexicano desde Semana Santa seguir\u00e1 al mismo valor \u2013 400 d\u00f3lares dependiendo la categor\u00eda. Hist\u00f3rico: Ademas de ser todo el a\u00f1o sin ajustarse en los meses de temporada baja en este a\u00f1o particular. El primero m\u00e1s o menos normal despu\u00e9s de la pandemia que se desat\u00f3 en [&hellip;]<\/p>\n","protected":false},"author":1,"featured_media":7704,"comment_status":"open","ping_status":"closed","sticky":false,"template":"","format":"standard","meta":{"footnotes":""},"categories":[6,10],"tags":[],"class_list":["post-7702","post","type-post","status-publish","format-standard","has-post-thumbnail","hentry","category-local","category-quintana-roo"],"_links":{"self":[{"href":"https:\/\/podernacional.com\/index.php?rest_route=\/wp\/v2\/posts\/7702","targetHints":{"allow":["GET"]}}],"collection":[{"href":"https:\/\/podernacional.com\/index.php?rest_route=\/wp\/v2\/posts"}],"about":[{"href":"https:\/\/podernacional.com\/index.php?rest_route=\/wp\/v2\/types\/post"}],"author":[{"embeddable":true,"href":"https:\/\/podernacional.com\/index.php?rest_route=\/wp\/v2\/users\/1"}],"replies":[{"embeddable":true,"href":"https:\/\/podernacional.com\/index.php?rest_route=%2Fwp%2Fv2%2Fcomments&post=7702"}],"version-history":[{"count":1,"href":"https:\/\/podernacional.com\/index.php?rest_route=\/wp\/v2\/posts\/7702\/revisions"}],"predecessor-version":[{"id":7703,"href":"https:\/\/podernacional.com\/index.php?rest_route=\/wp\/v2\/posts\/7702\/revisions\/7703"}],"wp:featuredmedia":[{"embeddable":true,"href":"https:\/\/podernacional.com\/index.php?rest_route=\/wp\/v2\/media\/7704"}],"wp:attachment":[{"href":"https:\/\/podernacional.com\/index.php?rest_route=%2Fwp%2Fv2%2Fmedia&parent=7702"}],"wp:term":[{"taxonomy":"category","embeddable":true,"href":"https:\/\/podernacional.com\/index.php?rest_route=%2Fwp%2Fv2%2Fcategories&post=7702"},{"taxonomy":"post_tag","embeddable":true,"href":"https:\/\/podernacional.com\/index.php?rest_route=%2Fwp%2Fv2%2Ftags&post=7702"}],"curies":[{"name":"wp","href":"https:\/\/api.w.org\/{rel}","templated":true}]}}