{"id":7705,"date":"2022-07-21T21:05:47","date_gmt":"2022-07-22T02:05:47","guid":{"rendered":"https:\/\/podernacional.com\/?p=7705"},"modified":"2022-07-22T02:05:48","modified_gmt":"2022-07-22T02:05:48","slug":"arranca-operativo-verano-2022-del-programa-heroes-paisanos-en-zacatecas","status":"publish","type":"post","link":"https:\/\/podernacional.com\/?p=7705","title":{"rendered":"Arranca Operativo Verano 2022 del Programa H\u00e9roes Paisanos en Zacatecas"},"content":{"rendered":"<h4>Se realizar\u00e1 del 25 de julio al 25 de agosto, con 10 m\u00f3dulos de atenci\u00f3n<\/h4>\n<p>Arranca Operativo: Autoridades de los gobiernos de M\u00e9xico y Zacatecas sostuvieron reuni\u00f3n de coordinaci\u00f3n y cortaron list\u00f3n de arranque del operativo<\/p>\n<p>Con el respaldo de dependencias del Gobierno de M\u00e9xico y el de Zacatecas, arranc\u00f3 en esta entidad el Operativo Verano 2022 del Programa H\u00e9roes Paisanos.<\/p>\n<p>Aunque el operativo comprender\u00e1 del 25 de julio al 25 de agosto.<\/p>\n<p>Por ende, hoy en Zacatecas se llev\u00f3 a cabo el arranque simb\u00f3lico, con el corte de list\u00f3n en el Monumento al Migrante.<\/p>\n<p>En representaci\u00f3n del Gobernador David Monreal \u00c1vila, el Secretario del Zacatecano Migrante, Iv\u00e1n Reyes Mill\u00e1n.<\/p>\n<p>Mencionan que asisti\u00f3 a una reuni\u00f3n de coordinaci\u00f3n entre las dependencias de los gobiernos de M\u00e9xico y de Zacatecas.<\/p>\n<p>La cual es\u00a0convocada por el General Jos\u00e9 de Jes\u00fas Barajas Santos, titular de la Oficina de Representaci\u00f3n en Zacatecas del Instituto Nacional de Migraci\u00f3n.<\/p>\n<p>Ah\u00ed se inform\u00f3 que, durante los 30 d\u00edas del operativo, se instalar\u00e1n 10 m\u00f3dulos de atenci\u00f3n en los municipios de:<\/p>\n<p>Calera, Concepci\u00f3n del Oro, Fresnillo, Jerez, R\u00edo Grande, Trancoso, Villanueva y Zacatecas, que ser\u00e1n atendidos por 18 observadores.<\/p>\n<p>Al subrayar que, durante los \u00faltimos operativos, en colaboraci\u00f3n con diversas dependencias y el INM.<\/p>\n<h4>El Programa H\u00e9roes Paisanos se ha fortalecido con un enfoque migrante para acercar los servicios y tr\u00e1mites de las dependencias.<\/h4>\n<p>As\u00ed como a la comunidad zacatecana migrante que durante los periodos vacacionales visitan Zacatecas, Iv\u00e1n Reyes reiter\u00f3 el apoyo y colaboraci\u00f3n del Gobierno de Zacatecas.<\/p>\n<p>Durante la reuni\u00f3n se hizo hincapi\u00e9 en reforzar la vigilancia y seguridad en las carreteras,.<\/p>\n<p>Sobre todo la 54 Villa de Cos \u2013 Concepci\u00f3n del Oro.<\/p>\n<p>Donde se insistir\u00e1 en la gesti\u00f3n para que se cuente con comunicaci\u00f3n telef\u00f3nica en los tramos donde se pierde la se\u00f1al.<\/p>\n<p>Las y los representantes de las dependencias de Seguridad P\u00fablica, \u00c1ngeles Verdes, Funci\u00f3n P\u00fablica, Procuradur\u00eda de la Defensa del Contribuyente (PRODECON).<\/p>\n<p>Ademas de la Secretar\u00eda de la Defensa Nacional (SEDENA), la Secretar\u00eda de Gobernaci\u00f3n, Secretar\u00eda de Relaciones Exteriores (SRE).<\/p>\n<p>As\u00ed como del Centro Nacional de Inteligencia estaci\u00f3n Zacatecas, reiteraron las acciones que a cada uno le corresponde para participar en este operativo.<\/p>\n<p>Adem\u00e1s, conminaron a los usuarios y visitantes a denunciar cualquier situaci\u00f3n a trav\u00e9s de los diferentes medios disponibles.<\/p>\n<p>O\u00a0bien, descargar la gu\u00eda completa:<\/p>\n<p>www.gob.mx\/heroespaisanos y se puso a disposici\u00f3n el portal https:\/\/sezami.zacatecas.gob.mx\/servicios-paisano\/<\/p>\n<p>El General Jos\u00e9 de Jes\u00fas Barajas Santos, titular de la Oficina de Representaci\u00f3n en Zacatecas del Instituto Nacional de Migraci\u00f3n (INM).<\/p>\n<p>Por ende, agradeci\u00f3 la asistencia y el respaldo manifiesto para que en este operativo se tengan buenos resultados.<\/p>\n<p>Por ende, arranca Operativo Verano 2022 del Programa H\u00e9roes Paisanos<\/p>\n","protected":false},"excerpt":{"rendered":"<p>Se realizar\u00e1 del 25 de julio al 25 de agosto, con 10 m\u00f3dulos de atenci\u00f3n Arranca Operativo: Autoridades de los gobiernos de M\u00e9xico y Zacatecas sostuvieron reuni\u00f3n de coordinaci\u00f3n y cortaron list\u00f3n de arranque del operativo Con el respaldo de dependencias del Gobierno de M\u00e9xico y el de Zacatecas, arranc\u00f3 en esta entidad el Operativo [&hellip;]<\/p>\n","protected":false},"author":1,"featured_media":7707,"comment_status":"open","ping_status":"closed","sticky":false,"template":"","format":"standard","meta":{"footnotes":""},"categories":[2,7,9],"tags":[],"class_list":["post-7705","post","type-post","status-publish","format-standard","has-post-thumbnail","hentry","category-cultural","category-nacional","category-politica"],"_links":{"self":[{"href":"https:\/\/podernacional.com\/index.php?rest_route=\/wp\/v2\/posts\/7705","targetHints":{"allow":["GET"]}}],"collection":[{"href":"https:\/\/podernacional.com\/index.php?rest_route=\/wp\/v2\/posts"}],"about":[{"href":"https:\/\/podernacional.com\/index.php?rest_route=\/wp\/v2\/types\/post"}],"author":[{"embeddable":true,"href":"https:\/\/podernacional.com\/index.php?rest_route=\/wp\/v2\/users\/1"}],"replies":[{"embeddable":true,"href":"https:\/\/podernacional.com\/index.php?rest_route=%2Fwp%2Fv2%2Fcomments&post=7705"}],"version-history":[{"count":1,"href":"https:\/\/podernacional.com\/index.php?rest_route=\/wp\/v2\/posts\/7705\/revisions"}],"predecessor-version":[{"id":7706,"href":"https:\/\/podernacional.com\/index.php?rest_route=\/wp\/v2\/posts\/7705\/revisions\/7706"}],"wp:featuredmedia":[{"embeddable":true,"href":"https:\/\/podernacional.com\/index.php?rest_route=\/wp\/v2\/media\/7707"}],"wp:attachment":[{"href":"https:\/\/podernacional.com\/index.php?rest_route=%2Fwp%2Fv2%2Fmedia&parent=7705"}],"wp:term":[{"taxonomy":"category","embeddable":true,"href":"https:\/\/podernacional.com\/index.php?rest_route=%2Fwp%2Fv2%2Fcategories&post=7705"},{"taxonomy":"post_tag","embeddable":true,"href":"https:\/\/podernacional.com\/index.php?rest_route=%2Fwp%2Fv2%2Ftags&post=7705"}],"curies":[{"name":"wp","href":"https:\/\/api.w.org\/{rel}","templated":true}]}}