{"id":7708,"date":"2022-07-21T21:10:55","date_gmt":"2022-07-22T02:10:55","guid":{"rendered":"https:\/\/podernacional.com\/?p=7708"},"modified":"2022-07-22T02:10:57","modified_gmt":"2022-07-22T02:10:57","slug":"a-traves-del-sedif-entrega-gobierno-de-zacatecas-donativos-para-gastos-medicos","status":"publish","type":"post","link":"https:\/\/podernacional.com\/?p=7708","title":{"rendered":"A trav\u00e9s del SEDIF, entrega Gobierno de Zacatecas, donativos para gastos m\u00e9dicos"},"content":{"rendered":"<h4>Se entregaron a personas de distintos municipios del estado<\/h4>\n<p>SEDIF: Con el fin de respaldar a las y los zacatecanos en situaciones dif\u00edciles, el Gobierno de Zacatecas, que encabeza el mandatario David Monreal \u00c1vila.<\/p>\n<p>A\u00a0trav\u00e9s del Sistema Estatal para el Desarrollo Integral de la Familia (SEDIF).<\/p>\n<p>La cual\u00a0entreg\u00f3 donativos econ\u00f3micos destinados al pago de atenci\u00f3n m\u00e9dica, medicamentos y gastos funerarios, entre otros.<\/p>\n<p>La Presidenta Honor\u00edfica de esta instancia de asistencia social, Sara Hern\u00e1ndez de Monreal.<\/p>\n<p>Se\u00f1al\u00f3 que, a pesar de que en el DIF Estatal los recursos para apoyos sociales son reducidos.<\/p>\n<p>Ademas que siempre se ayudar\u00e1 a las personas que enfrentan diferentes condiciones y problem\u00e1ticas y se les procurar\u00e1 su bienestar.<\/p>\n<p>\u201cNo tenemos todo el recurso que quisi\u00e9ramos\u201d, mencion\u00f3.<\/p>\n<p>Pero \u201cesperamos que este recurso sea de apoyo, porque no nos interesa otra cosa m\u00e1s que apoyar a las familias zacatecanas\u201d.<\/p>\n<p>\u201cSabemos que hay diferentes necesidades, y creo que son m\u00e1s llevaderas cuando no se sienten solos\u201d.<\/p>\n<p>\u201cCuando sienten un respaldo, una fortaleza y nosotros, como hoy, se los podemos dar\u201d.<\/p>\n<p>Hern\u00e1ndez de Monreal, acompa\u00f1ada por Roberto C\u00f3rdova Ovalle, subdirector de Gesti\u00f3n y Atenci\u00f3n Ciudadana.<\/p>\n<p>Reconoci\u00f3 que en esta instituci\u00f3n \u201cnosotros hacemos un esfuerzo, ustedes hacen un esfuerzo por su lado\u201d.<\/p>\n<p>\u201cS\u00e9 que son diferentes condiciones por las que est\u00e1n pasando y por las que van a recibir esta ayuda\u201d.<\/p>\n<p>\u201cPor eso, esperamos que les sea de mucha utilidad\u201d.<\/p>\n<p>Asegur\u00f3 que en el DIF Estatal \u201cestamos empe\u00f1ados en tener las mejores familias, en tener la mejor sociedad.<\/p>\n<p>Sabemos que no estamos viviendo los mejores tiempos, pero s\u00ed los m\u00e1s oportunos, porque tenemos ganas de hacer las cosas.<\/p>\n<p>\u201cTenemos ganas de trabajar y sobre todo de apoyar, para que ese n\u00facleo social y familiar, se vea fortalecido\u201d.<\/p>\n<p>Por \u00faltimo, Sara Hern\u00e1ndez de Monreal expres\u00f3 que el SEDIF fue creado para velar por las familias zacatecanas.<\/p>\n<p>&nbsp;<\/p>\n","protected":false},"excerpt":{"rendered":"<p>Se entregaron a personas de distintos municipios del estado SEDIF: Con el fin de respaldar a las y los zacatecanos en situaciones dif\u00edciles, el Gobierno de Zacatecas, que encabeza el mandatario David Monreal \u00c1vila. A\u00a0trav\u00e9s del Sistema Estatal para el Desarrollo Integral de la Familia (SEDIF). La cual\u00a0entreg\u00f3 donativos econ\u00f3micos destinados al pago de atenci\u00f3n [&hellip;]<\/p>\n","protected":false},"author":1,"featured_media":7710,"comment_status":"open","ping_status":"closed","sticky":false,"template":"","format":"standard","meta":{"footnotes":""},"categories":[7,9,11],"tags":[],"class_list":["post-7708","post","type-post","status-publish","format-standard","has-post-thumbnail","hentry","category-nacional","category-politica","category-salud"],"_links":{"self":[{"href":"https:\/\/podernacional.com\/index.php?rest_route=\/wp\/v2\/posts\/7708","targetHints":{"allow":["GET"]}}],"collection":[{"href":"https:\/\/podernacional.com\/index.php?rest_route=\/wp\/v2\/posts"}],"about":[{"href":"https:\/\/podernacional.com\/index.php?rest_route=\/wp\/v2\/types\/post"}],"author":[{"embeddable":true,"href":"https:\/\/podernacional.com\/index.php?rest_route=\/wp\/v2\/users\/1"}],"replies":[{"embeddable":true,"href":"https:\/\/podernacional.com\/index.php?rest_route=%2Fwp%2Fv2%2Fcomments&post=7708"}],"version-history":[{"count":1,"href":"https:\/\/podernacional.com\/index.php?rest_route=\/wp\/v2\/posts\/7708\/revisions"}],"predecessor-version":[{"id":7709,"href":"https:\/\/podernacional.com\/index.php?rest_route=\/wp\/v2\/posts\/7708\/revisions\/7709"}],"wp:featuredmedia":[{"embeddable":true,"href":"https:\/\/podernacional.com\/index.php?rest_route=\/wp\/v2\/media\/7710"}],"wp:attachment":[{"href":"https:\/\/podernacional.com\/index.php?rest_route=%2Fwp%2Fv2%2Fmedia&parent=7708"}],"wp:term":[{"taxonomy":"category","embeddable":true,"href":"https:\/\/podernacional.com\/index.php?rest_route=%2Fwp%2Fv2%2Fcategories&post=7708"},{"taxonomy":"post_tag","embeddable":true,"href":"https:\/\/podernacional.com\/index.php?rest_route=%2Fwp%2Fv2%2Ftags&post=7708"}],"curies":[{"name":"wp","href":"https:\/\/api.w.org\/{rel}","templated":true}]}}