{"id":7711,"date":"2022-07-21T21:16:25","date_gmt":"2022-07-22T02:16:25","guid":{"rendered":"https:\/\/podernacional.com\/?p=7711"},"modified":"2022-07-22T02:16:26","modified_gmt":"2022-07-22T02:16:26","slug":"vacunan-a-ninos-contra-la-covid-19-en-zacatecas","status":"publish","type":"post","link":"https:\/\/podernacional.com\/?p=7711","title":{"rendered":"Vacunan a ni\u00f1os contra la COVID-19 en Zacatecas"},"content":{"rendered":"<h4>En ZACATECAS. Este jueves, Luis Fernando, de 6 a\u00f1os, desayun\u00f3, se cambi\u00f3 y se alist\u00f3 para acudir con alegr\u00eda.<\/h4>\n<p>Vacunan a ni\u00f1os : El compa\u00f1ado de su mam\u00e1 Cinthya Cabrera, al Palacio de Convenciones de esta ciudad capital,.<\/p>\n<p>Lugar donde le aplicaron su primera dosis de vacuna contra la COVID-19.<\/p>\n<p>\u00c9l, como much\u00edsimas ni\u00f1as y ni\u00f1os de Zacatecas, Guadalupe, Calera, P\u00e1nuco, Morelos y Vetagrande.<\/p>\n<p>Ellos fueron quienes primero respondieron a este llamado de la salud y la prevenci\u00f3n que hicieron los gobiernos de M\u00e9xico y Zacatecas.<\/p>\n<p>Ademas para que personas de 5 a 11 a\u00f1os se apliquen la primera dosis del biol\u00f3gico, en este caso Pfizer.<\/p>\n<p>Esta jornada, dedicada especialmente a este grupo de la poblaci\u00f3n zacatecana se realizar\u00e1 desde hoy.<\/p>\n<p>Y continuar\u00e1 hasta el domingo 24 de julio, con puntos que brindar\u00e1n atenci\u00f3n de 8:00 de la ma\u00f1ana a 4 de la tarde.<\/p>\n<p>Cinthya coment\u00f3 que el tiempo de espera es, pr\u00e1cticamente, nulo y que los m\u00e9dicos son muy amables.<\/p>\n<p>\u201cYo creo que todo el proceso con adultos ayud\u00f3 para que con los ni\u00f1os fuera mucho m\u00e1s r\u00e1pido\u201d.<\/p>\n<p>\u201cTienen detalles muy bonitos como decorar con globos\u201d.<\/p>\n<p>\u201cAlgunos doctores hasta se ponen pelucas para empatizar con los ni\u00f1os, les regalan dulces\u201d.<\/p>\n<p>Esta madre de familia zacatecana record\u00f3 a otros paterfamilias que, \u201clamentablemente, el virus est\u00e1 muy latente entre los ni\u00f1os#.<\/p>\n<p>\u201cEs por ello es importante la vacunaci\u00f3n, ser pap\u00e1s responsables y este h\u00e1bito de cuidar de la salud de los ni\u00f1os es nuestra responsabilidad\u201d.<\/p>\n<p>Esta ma\u00f1ana, las inmediaciones del Palacio de Convenciones de Zacatecas lucieron con gran movimiento.<\/p>\n<p>Entonces gracias a la positiva respuesta de los ciudadanos que acudieron a esta cita.<\/p>\n<p>En conclusi\u00f3n y por ende, se est\u00e1n vacunando a ni\u00f1os contra la COVID-19 en Zacatecas.<\/p>\n<p>As\u00ed como en distintas partes de la Republica Mexicana.<\/p>\n<p>Edades desde 5 a\u00f1os hasta los 11 a\u00f1os.<\/p>\n<p>Ademas que vacunan a ni\u00f1os contra la COVID-19 en Zacatecas<\/p>\n","protected":false},"excerpt":{"rendered":"<p>En ZACATECAS. Este jueves, Luis Fernando, de 6 a\u00f1os, desayun\u00f3, se cambi\u00f3 y se alist\u00f3 para acudir con alegr\u00eda. Vacunan a ni\u00f1os : El compa\u00f1ado de su mam\u00e1 Cinthya Cabrera, al Palacio de Convenciones de esta ciudad capital,. Lugar donde le aplicaron su primera dosis de vacuna contra la COVID-19. \u00c9l, como much\u00edsimas ni\u00f1as y [&hellip;]<\/p>\n","protected":false},"author":1,"featured_media":7713,"comment_status":"open","ping_status":"closed","sticky":false,"template":"","format":"standard","meta":{"footnotes":""},"categories":[7,11],"tags":[],"class_list":["post-7711","post","type-post","status-publish","format-standard","has-post-thumbnail","hentry","category-nacional","category-salud"],"_links":{"self":[{"href":"https:\/\/podernacional.com\/index.php?rest_route=\/wp\/v2\/posts\/7711","targetHints":{"allow":["GET"]}}],"collection":[{"href":"https:\/\/podernacional.com\/index.php?rest_route=\/wp\/v2\/posts"}],"about":[{"href":"https:\/\/podernacional.com\/index.php?rest_route=\/wp\/v2\/types\/post"}],"author":[{"embeddable":true,"href":"https:\/\/podernacional.com\/index.php?rest_route=\/wp\/v2\/users\/1"}],"replies":[{"embeddable":true,"href":"https:\/\/podernacional.com\/index.php?rest_route=%2Fwp%2Fv2%2Fcomments&post=7711"}],"version-history":[{"count":1,"href":"https:\/\/podernacional.com\/index.php?rest_route=\/wp\/v2\/posts\/7711\/revisions"}],"predecessor-version":[{"id":7712,"href":"https:\/\/podernacional.com\/index.php?rest_route=\/wp\/v2\/posts\/7711\/revisions\/7712"}],"wp:featuredmedia":[{"embeddable":true,"href":"https:\/\/podernacional.com\/index.php?rest_route=\/wp\/v2\/media\/7713"}],"wp:attachment":[{"href":"https:\/\/podernacional.com\/index.php?rest_route=%2Fwp%2Fv2%2Fmedia&parent=7711"}],"wp:term":[{"taxonomy":"category","embeddable":true,"href":"https:\/\/podernacional.com\/index.php?rest_route=%2Fwp%2Fv2%2Fcategories&post=7711"},{"taxonomy":"post_tag","embeddable":true,"href":"https:\/\/podernacional.com\/index.php?rest_route=%2Fwp%2Fv2%2Ftags&post=7711"}],"curies":[{"name":"wp","href":"https:\/\/api.w.org\/{rel}","templated":true}]}}