{"id":7714,"date":"2022-07-21T21:21:48","date_gmt":"2022-07-22T02:21:48","guid":{"rendered":"https:\/\/podernacional.com\/?p=7714"},"modified":"2022-07-22T02:21:49","modified_gmt":"2022-07-22T02:21:49","slug":"hace-ine-consulta-a-indigenas-en-quintana-roo-sobre-candidaturas","status":"publish","type":"post","link":"https:\/\/podernacional.com\/?p=7714","title":{"rendered":"Hace INE consulta a ind\u00edgenas en Quintana Roo sobre candidaturas"},"content":{"rendered":"<h4>La consulta es para elaborar lineamientos para garantizar que personas electas por la v\u00eda de candidatura ind\u00edgena representen a sus pueblos.<\/h4>\n<p>INE, El Instituto Nacional Electoral de Quintana Roo llev\u00f3 a cabo la consulta previa, libre e informada a personas, pueblos y comunidades ind\u00edgenas.<\/p>\n<p>En materia de autoadscripci\u00f3n calificada para la postulaci\u00f3n de candidaturas a cargos federales de elecci\u00f3n popular.<\/p>\n<p>La Sala Superior del Tribunal Electoral del Poder Judicial de la Federaci\u00f3n determin\u00f3 que es necesario que los partidos pol\u00edticos acrediten la existencia.<\/p>\n<p>De un v\u00ednculo entre la persona que se pretende postular a las candidaturas ind\u00edgenas y la comunidad a la que se adscribe.<\/p>\n<p>A lo que se le denomina autoadscripci\u00f3n calificada.<\/p>\n<p>En la consulta se analiz\u00f3 la forma, los mecanismos y los elementos id\u00f3neos para verificar y acreditar la autoadscripci\u00f3n calificada,.<\/p>\n<p>Es decir, la forma en la que se debe acreditar que una persona que pretende ser candidata ind\u00edgena.<\/p>\n<p>Menciona que realmente cuente con un v\u00ednculo con la comunidad a la que pertenece y desea representar.<\/p>\n<p>Se formaron mesas de trabajo y se nombr\u00f3 un representante por mesa, a las cuales se les entreg\u00f3 un cuestionario con nueve preguntas.<\/p>\n<p>Con esto se les otorg\u00f3 un tiempo para deliberar, establecer acuerdos y decidir sobre la materia de la consulta.<\/p>\n<p>As\u00ed como sobre la elecci\u00f3n de sus representantes.<\/p>\n<p>Posteriormente se les pregunt\u00f3 a las personas asistentes si alguien m\u00e1s desea participar o formular alguna propuesta que considere.<\/p>\n<p>Ya que no se incluy\u00f3 en los cuestionamientos y, en ese caso, se tom\u00f3 nota de lo propuesto.<\/p>\n<p>Una vez concluidas las etapas anteriores, se procedi\u00f3 a consultar a toda la concurrencia si alguien m\u00e1s desea hacer uso de la voz.<\/p>\n<p>Para as\u00ed formular alguna propuesta u observaci\u00f3n en relaci\u00f3n con la materia de la consulta<\/p>\n<p>Despu\u00e9s llegar\u00e1 la etapa de valoraci\u00f3n, comprendida del 15 al 19 de agosto, durante la cual corresponde a la Direcci\u00f3n Ejecutiva de Prerrogativas.<\/p>\n<p>Ademas de los partidos Pol\u00edticos concentrar y analizar las propuestas, sugerencias, observaciones y contenido de las Actas y Cuestionarios recabados.<\/p>\n<p>&nbsp;<\/p>\n<h4>Tras lo cual se emitir\u00e1n los Lineamientos mandatados.<\/h4>\n<p>La etapa de conclusi\u00f3n y dictamen es del 22 de agosto al 7 de septiembre con lo que se finalizar\u00e1 el proceso de consulta.<\/p>\n<p>Luego de que se presente el Anteproyecto de Acuerdo a consideraci\u00f3n de la Comisi\u00f3n de Prerrogativas y Partidos Pol\u00edticos.<\/p>\n<p>Quien a su vez lo someter\u00e1 al escrutinio del Consejo General.<\/p>\n<p>En este documento se dar\u00e1 a conocer a los representantes de las personas ind\u00edgenas, electos en las Reuniones Consultivas.<\/p>\n<p>Con esto presentar\u00e1 el resumen de las respuestas de los cuestionarios obtenidas en las reuniones consultivas.<\/p>\n<p>Las determinaciones acordadas, la metodolog\u00eda utilizada para ello y los Lineamientos mandatados.<\/p>\n<p>Con la consulta se espera que, con base en sus opiniones y propuestas.<\/p>\n<p>El INE elabore lineamientos para contribuir a garantizar que las personas electas por la acci\u00f3n afirmativa ind\u00edgena.<\/p>\n<p>Ya que realmente representen los intereses de quienes van a representar o gobernar.<\/p>\n<p>Por ende, INE hace consulta a ind\u00edgenas en Quintana Roo sobre candidaturas.<\/p>\n","protected":false},"excerpt":{"rendered":"<p>La consulta es para elaborar lineamientos para garantizar que personas electas por la v\u00eda de candidatura ind\u00edgena representen a sus pueblos. INE, El Instituto Nacional Electoral de Quintana Roo llev\u00f3 a cabo la consulta previa, libre e informada a personas, pueblos y comunidades ind\u00edgenas. En materia de autoadscripci\u00f3n calificada para la postulaci\u00f3n de candidaturas a [&hellip;]<\/p>\n","protected":false},"author":1,"featured_media":7716,"comment_status":"open","ping_status":"closed","sticky":false,"template":"","format":"standard","meta":{"footnotes":""},"categories":[2,6,10],"tags":[],"class_list":["post-7714","post","type-post","status-publish","format-standard","has-post-thumbnail","hentry","category-cultural","category-local","category-quintana-roo"],"_links":{"self":[{"href":"https:\/\/podernacional.com\/index.php?rest_route=\/wp\/v2\/posts\/7714","targetHints":{"allow":["GET"]}}],"collection":[{"href":"https:\/\/podernacional.com\/index.php?rest_route=\/wp\/v2\/posts"}],"about":[{"href":"https:\/\/podernacional.com\/index.php?rest_route=\/wp\/v2\/types\/post"}],"author":[{"embeddable":true,"href":"https:\/\/podernacional.com\/index.php?rest_route=\/wp\/v2\/users\/1"}],"replies":[{"embeddable":true,"href":"https:\/\/podernacional.com\/index.php?rest_route=%2Fwp%2Fv2%2Fcomments&post=7714"}],"version-history":[{"count":1,"href":"https:\/\/podernacional.com\/index.php?rest_route=\/wp\/v2\/posts\/7714\/revisions"}],"predecessor-version":[{"id":7715,"href":"https:\/\/podernacional.com\/index.php?rest_route=\/wp\/v2\/posts\/7714\/revisions\/7715"}],"wp:featuredmedia":[{"embeddable":true,"href":"https:\/\/podernacional.com\/index.php?rest_route=\/wp\/v2\/media\/7716"}],"wp:attachment":[{"href":"https:\/\/podernacional.com\/index.php?rest_route=%2Fwp%2Fv2%2Fmedia&parent=7714"}],"wp:term":[{"taxonomy":"category","embeddable":true,"href":"https:\/\/podernacional.com\/index.php?rest_route=%2Fwp%2Fv2%2Fcategories&post=7714"},{"taxonomy":"post_tag","embeddable":true,"href":"https:\/\/podernacional.com\/index.php?rest_route=%2Fwp%2Fv2%2Ftags&post=7714"}],"curies":[{"name":"wp","href":"https:\/\/api.w.org\/{rel}","templated":true}]}}