{"id":7720,"date":"2022-07-22T18:53:06","date_gmt":"2022-07-22T23:53:06","guid":{"rendered":"https:\/\/podernacional.com\/?p=7720"},"modified":"2022-07-22T23:53:07","modified_gmt":"2022-07-22T23:53:07","slug":"la-secretaria-de-cultura-pide-a-galeria-de-barcelona-que-detenga-venta-de-piezas-mexicanas","status":"publish","type":"post","link":"https:\/\/podernacional.com\/?p=7720","title":{"rendered":"La Secretar\u00eda de Cultura pide a galer\u00eda de Barcelona que detenga venta de piezas mexicanas"},"content":{"rendered":"<h4>Apelando una vez m\u00e1s a la \u00e9tica y al respeto por el patrimonio cultural de la naci\u00f3n.<\/h4>\n<p>La Secretar\u00eda de Cultura: Se hizo un llamado para conscientizar sobre estas pr\u00e1cticas<\/p>\n<p>La Secretar\u00eda de Cultura emiti\u00f3 un comunicado para frenar el tr\u00e1fico ilegal de piezas arqueol\u00f3gicas de M\u00e9xico.<\/p>\n<p>A nombre del gobierno mexicano, la Secretar\u00eda de Cultura federal, a trav\u00e9s de su titular, Alejandra Frausto.<\/p>\n<p>Expres\u00f3 su desaprobaci\u00f3n y rechazo a la venta que se oferta en la p\u00e1gina electr\u00f3nica de la Galer\u00eda Setdart, con sede en Barcelona, Espa\u00f1a.<\/p>\n<p>Ademas\u00a0en la categor\u00eda denominada \u00abArqueolog\u00eda\u00bb, la cual contempla tres piezas pertenecientes al patrimonio cultural mexicano, de los estilos Chup\u00edcuaro, Teotihuacano y Maya.<\/p>\n<p>Apelando una vez m\u00e1s a la \u00e9tica y al respeto por el patrimonio cultural de la naci\u00f3n.<\/p>\n<p>Por ende, a\u00a0trav\u00e9s de una misiva enviada este jueves 21 de julio.<\/p>\n<p>Alejandra Frausto exhort\u00f3 a la Galer\u00eda Setdart a detener el ofrecimiento y venta de las piezas.<\/p>\n<p>As\u00ed como tomando en consideraci\u00f3n su valor hist\u00f3rico, simb\u00f3lico y cultural.<\/p>\n<p>\u00abEn el caso de M\u00e9xico, representan un legado invaluable de nuestras culturas ancestrales\u201d.<\/p>\n<p>\u201cUna muestra de la diversidad y riqueza cultural de nuestro pa\u00eds, vestigio de lo que somos y de las culturas vivas de nuestros pueblos originarios\u00bb<\/p>\n<p>Lo anterior, luego de que el Instituto Nacional de Antropolog\u00eda e Historia (INAH) realiz\u00f3 un dictamen en materia de arqueolog\u00eda.<\/p>\n<p>&nbsp;<\/p>\n<h4>A\u00a0partir del cat\u00e1logo digital disponible en la p\u00e1gina electr\u00f3nica de la citada galer\u00eda.<\/h4>\n<p>Encontr\u00e1ndose que las tres piezas ofertadas corresponden a culturas asentadas en nuestro pa\u00eds.<\/p>\n<p>Ademas que\u00a0forman parte del patrimonio cultural de los mexicanos, definido y protegido por la Ley Federal sobre Monumentos y Zonas Arqueol\u00f3gicos, Art\u00edsticos e Hist\u00f3ricos.<\/p>\n<p>Inician tambi\u00e9n proceso judicial<\/p>\n<p>La Secretar\u00eda de Cultura federal y el INAH lamentan y reprueban esta intenci\u00f3n de venta, cuyas piezas constituyen propiedad de la naci\u00f3n.<\/p>\n<p>As\u00ed como\u00a0inalienable e imprescriptible, extra\u00eddas sin autorizaci\u00f3n y de manera il\u00edcita del territorio nacional.<\/p>\n<p>Al estar prohibida su exportaci\u00f3n por la legislaci\u00f3n mexicana desde 1827.<\/p>\n<p>De la misma manera, se inform\u00f3 que se han iniciado los procedimientos judiciales correspondientes ante las autoridades espa\u00f1olas sobre la venta en cuesti\u00f3n.<\/p>\n<p>Ademas que\u00a0con el inter\u00e9s de que las piezas que la conforman sean repatriadas a territorio mexicano.<\/p>\n<p>A\u00a0trav\u00e9s de los canales diplom\u00e1ticos y legales oficiales, con el objetivo de proteger el patrimonio cultural de nuestro pa\u00eds.<\/p>\n<p>M\u00e9xico reafirma su compromiso con la protecci\u00f3n del patrimonio cultural y la lucha contra el tr\u00e1fico il\u00edcito de bienes culturales.<\/p>\n<p>En cumplimiento de la legislaci\u00f3n nacional y de los tratados internacionales en la materia.<\/p>\n<p>Haci\u00e9ndole un exhorto a la Galer\u00eda Setdart a reflexionar respecto a los c\u00f3digos \u00e9ticos y morales en torno a la comercializaci\u00f3n.<\/p>\n<p>De dichos\u00a0bienes culturales expoliados de forma ilegal, lo cual fomenta el despojo cultural y atenta contra la memoria de los pueblos.<\/p>\n<p>El Gobierno de M\u00e9xico invit\u00f3 a la Galer\u00eda Setdart a sumarse a la protecci\u00f3n.<\/p>\n<p>As\u00ed como de\u00a0salvaguarda del patrimonio cultural evitando este tipo de ventas ilegales, las cuales atentan, asimismo, contra el patrimonio de la humanidad.<\/p>\n","protected":false},"excerpt":{"rendered":"<p>Apelando una vez m\u00e1s a la \u00e9tica y al respeto por el patrimonio cultural de la naci\u00f3n. La Secretar\u00eda de Cultura: Se hizo un llamado para conscientizar sobre estas pr\u00e1cticas La Secretar\u00eda de Cultura emiti\u00f3 un comunicado para frenar el tr\u00e1fico ilegal de piezas arqueol\u00f3gicas de M\u00e9xico. A nombre del gobierno mexicano, la Secretar\u00eda de [&hellip;]<\/p>\n","protected":false},"author":1,"featured_media":7722,"comment_status":"open","ping_status":"closed","sticky":false,"template":"","format":"standard","meta":{"footnotes":""},"categories":[6,10],"tags":[],"class_list":["post-7720","post","type-post","status-publish","format-standard","has-post-thumbnail","hentry","category-local","category-quintana-roo"],"_links":{"self":[{"href":"https:\/\/podernacional.com\/index.php?rest_route=\/wp\/v2\/posts\/7720","targetHints":{"allow":["GET"]}}],"collection":[{"href":"https:\/\/podernacional.com\/index.php?rest_route=\/wp\/v2\/posts"}],"about":[{"href":"https:\/\/podernacional.com\/index.php?rest_route=\/wp\/v2\/types\/post"}],"author":[{"embeddable":true,"href":"https:\/\/podernacional.com\/index.php?rest_route=\/wp\/v2\/users\/1"}],"replies":[{"embeddable":true,"href":"https:\/\/podernacional.com\/index.php?rest_route=%2Fwp%2Fv2%2Fcomments&post=7720"}],"version-history":[{"count":1,"href":"https:\/\/podernacional.com\/index.php?rest_route=\/wp\/v2\/posts\/7720\/revisions"}],"predecessor-version":[{"id":7721,"href":"https:\/\/podernacional.com\/index.php?rest_route=\/wp\/v2\/posts\/7720\/revisions\/7721"}],"wp:featuredmedia":[{"embeddable":true,"href":"https:\/\/podernacional.com\/index.php?rest_route=\/wp\/v2\/media\/7722"}],"wp:attachment":[{"href":"https:\/\/podernacional.com\/index.php?rest_route=%2Fwp%2Fv2%2Fmedia&parent=7720"}],"wp:term":[{"taxonomy":"category","embeddable":true,"href":"https:\/\/podernacional.com\/index.php?rest_route=%2Fwp%2Fv2%2Fcategories&post=7720"},{"taxonomy":"post_tag","embeddable":true,"href":"https:\/\/podernacional.com\/index.php?rest_route=%2Fwp%2Fv2%2Ftags&post=7720"}],"curies":[{"name":"wp","href":"https:\/\/api.w.org\/{rel}","templated":true}]}}