{"id":7726,"date":"2022-07-22T19:08:44","date_gmt":"2022-07-23T00:08:44","guid":{"rendered":"https:\/\/podernacional.com\/?p=7726"},"modified":"2022-07-23T00:08:46","modified_gmt":"2022-07-23T00:08:46","slug":"natanael-cano-asegura-que-no-existe-en-mexico-otro-artista-con-mas-talento-y-futuro-que-el","status":"publish","type":"post","link":"https:\/\/podernacional.com\/?p=7726","title":{"rendered":"Natanael Cano asegura que no existe en M\u00e9xico otro artista con m\u00e1s talento y futuro que \u00e9l"},"content":{"rendered":"<h4>A su llegada a la Ciudad de M\u00e9xico, el cantante de corridos tumbados condicion\u00f3 a sus fans para poder tomarse una foto<\/h4>\n<p>Natanael Cano: La pol\u00e9mica acompa\u00f1a a Natanael Cano, el int\u00e9rprete \u00a0de corridos tumbados est\u00e1 dando de qu\u00e9 hablar por unas recientes declaraciones.<\/p>\n<p>En las que asegura ser el \u00fanico cantante mexicano con talento y futuro.<\/p>\n<p>Natanel, de 21 a\u00f1os, cuestion\u00f3 a sus seguidores en redes:<\/p>\n<p>El mismo Cano respondi\u00f3:<\/p>\n<p>\u00abEs algo que siempre me pongo a pensar, pero todav\u00eda no lo encuentro, no creo. Pero estamos hablando de M\u00e9xico nom\u00e1s&#8230;\u00bb.<\/p>\n<p>A su llegada al aeropuerto de la Ciudad de M\u00e9xico, Natanael congreg\u00f3 a varios fans deseosos de tomarse fotos con \u00e9l.<\/p>\n<p>Sin embargo, advirti\u00f3 que no se tomar\u00eda fotos con todos, que mejor un video grupal.<\/p>\n<p>Ya que su actitud dividi\u00f3 opiniones entre sus seguidores en la red; el video de este momento circula en YouTube.<\/p>\n<p>Nata, como es llamado por sus fans, ya pidi\u00f3 a sus seguidores que no le soliciten fotos en la calle pues \u00able quitan tiempo\u00bb.<\/p>\n<p>Despu\u00e9s precis\u00f3 que no quiere ser tratado como un objeto.<\/p>\n<p>Pues as\u00ed se considera cuando los fans se acercan a tomarse fotos con \u00e9l y no le preguntan c\u00f3mo est\u00e1.<\/p>\n<p>Cano cont\u00f3 que actualmente no escribe m\u00fasica de amor o desamor, sino narcocorridos.<\/p>\n<p>Ya que pues aunque reconoce que est\u00e1 mal, es parte de la cultura mexicana y \u00e9l aprovecha la oprtunidad.<\/p>\n<p>Ademas que Natanael Cano le reclama a sus fans: \u00abSe toman la foto y se van, no soy un objeto\u00bb<\/p>\n<p>Natanael, que se encontraba en Europa, tambi\u00e9n dio de qu\u00e9 hablar luego de fotografiarse en Marruecos con unos monos encadenados.<\/p>\n<h4>\u00bfQui\u00e9n es Natanael Cano?<\/h4>\n<p>Natanael es un joven mexicano nacido en Hermosillo, Sonora en 1991 que comenz\u00f3 su carrera musical a los 13 a\u00f1os.<\/p>\n<p>Inspirado en algunos interpretes de corridos como Ariel Camacho, Chalino S\u00e1nchez y Joan Sebastian.<\/p>\n<p>A su corta edad el cantante de regional mexicano ostenta m\u00e1s de tres mill\u00f3n setecientos mil seguidores en instagram.<\/p>\n<p>Al parecer el p\u00fablico al que va dirigido la propuesta de Cano son los j\u00f3venes que gustan del corrido tumbado, una corriente musical.<\/p>\n<p>El hace alusi\u00f3n a la violencia, sexo, y consumo de drogas, sus letras son expl\u00edcitas con groser\u00edas y de contenido verbal violento.<\/p>\n<p>Hace dos a\u00f1os se viraliz\u00f3 un video en el que atac\u00f3 a Pepe Aguilar luego de que el cantante criticara a los corridos tumbados.<\/p>\n","protected":false},"excerpt":{"rendered":"<p>A su llegada a la Ciudad de M\u00e9xico, el cantante de corridos tumbados condicion\u00f3 a sus fans para poder tomarse una foto Natanael Cano: La pol\u00e9mica acompa\u00f1a a Natanael Cano, el int\u00e9rprete \u00a0de corridos tumbados est\u00e1 dando de qu\u00e9 hablar por unas recientes declaraciones. En las que asegura ser el \u00fanico cantante mexicano con talento [&hellip;]<\/p>\n","protected":false},"author":1,"featured_media":7728,"comment_status":"open","ping_status":"closed","sticky":false,"template":"","format":"standard","meta":{"footnotes":""},"categories":[4,7],"tags":[],"class_list":["post-7726","post","type-post","status-publish","format-standard","has-post-thumbnail","hentry","category-espectaculos","category-nacional"],"_links":{"self":[{"href":"https:\/\/podernacional.com\/index.php?rest_route=\/wp\/v2\/posts\/7726","targetHints":{"allow":["GET"]}}],"collection":[{"href":"https:\/\/podernacional.com\/index.php?rest_route=\/wp\/v2\/posts"}],"about":[{"href":"https:\/\/podernacional.com\/index.php?rest_route=\/wp\/v2\/types\/post"}],"author":[{"embeddable":true,"href":"https:\/\/podernacional.com\/index.php?rest_route=\/wp\/v2\/users\/1"}],"replies":[{"embeddable":true,"href":"https:\/\/podernacional.com\/index.php?rest_route=%2Fwp%2Fv2%2Fcomments&post=7726"}],"version-history":[{"count":1,"href":"https:\/\/podernacional.com\/index.php?rest_route=\/wp\/v2\/posts\/7726\/revisions"}],"predecessor-version":[{"id":7727,"href":"https:\/\/podernacional.com\/index.php?rest_route=\/wp\/v2\/posts\/7726\/revisions\/7727"}],"wp:featuredmedia":[{"embeddable":true,"href":"https:\/\/podernacional.com\/index.php?rest_route=\/wp\/v2\/media\/7728"}],"wp:attachment":[{"href":"https:\/\/podernacional.com\/index.php?rest_route=%2Fwp%2Fv2%2Fmedia&parent=7726"}],"wp:term":[{"taxonomy":"category","embeddable":true,"href":"https:\/\/podernacional.com\/index.php?rest_route=%2Fwp%2Fv2%2Fcategories&post=7726"},{"taxonomy":"post_tag","embeddable":true,"href":"https:\/\/podernacional.com\/index.php?rest_route=%2Fwp%2Fv2%2Ftags&post=7726"}],"curies":[{"name":"wp","href":"https:\/\/api.w.org\/{rel}","templated":true}]}}