{"id":7735,"date":"2022-07-22T19:31:10","date_gmt":"2022-07-23T00:31:10","guid":{"rendered":"https:\/\/podernacional.com\/?p=7735"},"modified":"2022-07-23T00:31:11","modified_gmt":"2022-07-23T00:31:11","slug":"avanza-gobierno-de-zacatecas-en-capacitacion-y-profesionalizacion-de-cuerpos-de-seguridad","status":"publish","type":"post","link":"https:\/\/podernacional.com\/?p=7735","title":{"rendered":"Avanza Gobierno de Zacatecas en capacitaci\u00f3n y profesionalizaci\u00f3n de cuerpos de seguridad"},"content":{"rendered":"<h4>De acuerdo con la meta de capacitaci\u00f3n programada para el 2022, se tiene un avance superior al 36%<\/h4>\n<p>Avanza Gobierno como parte de la profesionalizaci\u00f3n de los elementos policiales y en cumplimiento al compromiso de la Secretar\u00eda de Seguridad P\u00fablica (SSP).<\/p>\n<p>Ya que la actuaci\u00f3n policial est\u00e9 fundamentada en el respeto irrestricto de los derechos humanos y con pleno apego a la ley.<\/p>\n<p>El Gobierno de Zacatecas avanza en la capacitaci\u00f3n de los cuerpos de seguridad.<\/p>\n<p>La SSP, a trav\u00e9s del Instituto de Formaci\u00f3n Profesional (IFP).<\/p>\n<p>Report\u00f3 que, de acuerdo con la meta de capacitaci\u00f3n programada para el 2022, se tiene un avance superior al 36 por ciento.<\/p>\n<p>Con esto,\u00a0permite prever que, para el cierre, en diciembre de este a\u00f1o, la meta ser\u00e1 cumplida.<\/p>\n<p>En cumplimiento al eje de profesionalizaci\u00f3n que se contempla dentro de la Estrategia de Seguridad P\u00fablica.<\/p>\n<p>Se han fortalecido y desarrollado las capacitaciones a los cuerpos de seguridad, pese a las condiciones de pandemia.<\/p>\n<p>Ademas de estar contando a la fecha con 770 elementos capacitados.<\/p>\n<p>Ellos pertenecen a la Polic\u00eda Estatal Preventiva (PEP), Polic\u00edas Penitenciarios y Polic\u00edas Municipales.<\/p>\n<p>Ya que hay recibido capacitaci\u00f3n en Uso Leg\u00edtimo de la Fuerza, Derechos Humanos, Perspectiva de G\u00e9nero, T\u00e9cnicas y T\u00e1cticas Policiales.<\/p>\n<p>As\u00ed como de primeros Auxilios, Cadena de Custodia, Atenci\u00f3n a v\u00edctimas y Feminicidio\/ trata de personas.<\/p>\n<p>Con el objetivo de contar con instituciones fortalecidas y con una actuaci\u00f3n apegada a derecho.<\/p>\n<p>Para el segundo semestre del a\u00f1o se prev\u00e9 la capacitaci\u00f3n de efectivos de Polic\u00eda de Seguridad Vial, Polic\u00eda de Investigaci\u00f3n y Ministerios P\u00fablicos.<\/p>\n<p>Dichos programas de capacitaci\u00f3n fueron validados por la Direcci\u00f3n General de Apoyo T\u00e9cnico del Secretariado Ejecutivo del Sistema Nacional de Seguridad P\u00fablica.<\/p>\n<p>La Secretar\u00eda de Seguridad P\u00fablica busca trabajar en la formaci\u00f3n continua de los elementos policiales, mediante la transmisi\u00f3n de:<\/p>\n<p>Conocimientos, t\u00e9cnicas, t\u00e1cticas y habilidades que les permitan responder de manera eficiente en su actuaci\u00f3n operativa.<\/p>\n<p>Con acciones como la anterior, la SSP refrenda su compromiso con la sociedad zacatecana para mantener corporaciones capacitadas.<\/p>\n<p>Con ello, contribuir al fortalecimiento de la seguridad en el estado.<\/p>\n","protected":false},"excerpt":{"rendered":"<p>De acuerdo con la meta de capacitaci\u00f3n programada para el 2022, se tiene un avance superior al 36% Avanza Gobierno como parte de la profesionalizaci\u00f3n de los elementos policiales y en cumplimiento al compromiso de la Secretar\u00eda de Seguridad P\u00fablica (SSP). Ya que la actuaci\u00f3n policial est\u00e9 fundamentada en el respeto irrestricto de los derechos [&hellip;]<\/p>\n","protected":false},"author":1,"featured_media":7737,"comment_status":"open","ping_status":"closed","sticky":false,"template":"","format":"standard","meta":{"footnotes":""},"categories":[7,8],"tags":[],"class_list":["post-7735","post","type-post","status-publish","format-standard","has-post-thumbnail","hentry","category-nacional","category-policia"],"_links":{"self":[{"href":"https:\/\/podernacional.com\/index.php?rest_route=\/wp\/v2\/posts\/7735","targetHints":{"allow":["GET"]}}],"collection":[{"href":"https:\/\/podernacional.com\/index.php?rest_route=\/wp\/v2\/posts"}],"about":[{"href":"https:\/\/podernacional.com\/index.php?rest_route=\/wp\/v2\/types\/post"}],"author":[{"embeddable":true,"href":"https:\/\/podernacional.com\/index.php?rest_route=\/wp\/v2\/users\/1"}],"replies":[{"embeddable":true,"href":"https:\/\/podernacional.com\/index.php?rest_route=%2Fwp%2Fv2%2Fcomments&post=7735"}],"version-history":[{"count":1,"href":"https:\/\/podernacional.com\/index.php?rest_route=\/wp\/v2\/posts\/7735\/revisions"}],"predecessor-version":[{"id":7736,"href":"https:\/\/podernacional.com\/index.php?rest_route=\/wp\/v2\/posts\/7735\/revisions\/7736"}],"wp:featuredmedia":[{"embeddable":true,"href":"https:\/\/podernacional.com\/index.php?rest_route=\/wp\/v2\/media\/7737"}],"wp:attachment":[{"href":"https:\/\/podernacional.com\/index.php?rest_route=%2Fwp%2Fv2%2Fmedia&parent=7735"}],"wp:term":[{"taxonomy":"category","embeddable":true,"href":"https:\/\/podernacional.com\/index.php?rest_route=%2Fwp%2Fv2%2Fcategories&post=7735"},{"taxonomy":"post_tag","embeddable":true,"href":"https:\/\/podernacional.com\/index.php?rest_route=%2Fwp%2Fv2%2Ftags&post=7735"}],"curies":[{"name":"wp","href":"https:\/\/api.w.org\/{rel}","templated":true}]}}