{"id":7759,"date":"2022-07-23T20:33:15","date_gmt":"2022-07-24T01:33:15","guid":{"rendered":"https:\/\/podernacional.com\/?p=7759"},"modified":"2022-07-24T01:33:16","modified_gmt":"2022-07-24T01:33:16","slug":"viruela-del-mono-oms-declara-emergencia-internacional-por-brote","status":"publish","type":"post","link":"https:\/\/podernacional.com\/?p=7759","title":{"rendered":"Viruela del mono: OMS declara emergencia internacional por brote"},"content":{"rendered":"<h4>Tedros Adhanom Ghebreyesus, director general de la OMS anunci\u00f3 la decisi\u00f3n.<\/h4>\n<p>Viruela del mono: En junio el comit\u00e9 hab\u00eda optado por no declarar la emergencia, ya que hab\u00eda 3 mil casos.<\/p>\n<p>La Organizaci\u00f3n Mundial de la Salud (OMS) declar\u00f3 este s\u00e1bado la emergencia internacional por el actual brote de viruela del mono.<\/p>\n<p>Despu\u00e9s de que se hayan declarado ya unos 16 mil casos (cinco de ellos mortales) en 75 pa\u00edses.<\/p>\n<p>Muchos de ellos en Europa, donde la enfermedad no era end\u00e9mica.<\/p>\n<p>La decisi\u00f3n fue anunciada en rueda de prensa por el director general de la OMS, Tedros Adhanom Ghebreyesus.<\/p>\n<p>Dos d\u00edas despu\u00e9s de que un comit\u00e9 de emergencia con expertos en esta enfermedad se reuniera para analizar la posible declaraci\u00f3n.<\/p>\n<p>Ademas que obligar\u00e1 a las redes sanitarias nacionales a aumentar sus medidas preventivas.<\/p>\n<p>Este comit\u00e9 hab\u00eda optado por no declarar la emergencia en una primera reuni\u00f3n celebrada en junio (cuando los caos eran 3 mil).<\/p>\n<p>En esta ocasi\u00f3n, seg\u00fan Tedros, tampoco hubo consenso total entre los expertos.<\/p>\n<p>Pero el director general ha decidido declarar la emergencia en vista del alto y creciente n\u00famero de casos en diversas regiones de todo el planeta.<\/p>\n<p>Entre los criterios usados por la OMS para declarar esta emergencia, se\u00f1al\u00f3 Tedros.<\/p>\n<h4>Est\u00e1 el hecho de que \u201cel virus se est\u00e1 transmitiendo r\u00e1pidamente en muchos pa\u00edses donde no hubo casos con anterioridad\u201d.<\/h4>\n<p>El m\u00e1ximo responsable de la OMS tambi\u00e9n indic\u00f3 que se ha elevado el riesgo de contagio de viruela del mono a un nivel \u201calto\u201d en Europa.<\/p>\n<p>Con esto\u00a0concentra un 80 por ciento de los casos, mientras se mantiene el nivel \u201cmoderado\u201d en el resto de regiones.<\/p>\n<p>Incluida \u00c1frica, donde la enfermedad es end\u00e9mica desde hace d\u00e9cadas.<\/p>\n<p>Tedros subray\u00f3 que pese a la alerta global brote \u201cse concentra sobre todo en hombres que mantienen sexo con otros hombres y con m\u00faltiples parejas\u201d.<\/p>\n<p>Ademas, un colectivo para el que pidi\u00f3 mediante asistencia e informaci\u00f3n sobre la enfermedad.<\/p>\n<p>Ello, asegur\u00f3, debe hacerse con medidas que protejan la dignidad y los derechos humanos de las comunidades afectadas.<\/p>\n<p>Ya que, afirm\u00f3, \u201cel estigma y la discriminaci\u00f3n pueden ser tan peligrosos como cualquier virus\u201d.<\/p>\n<p>Es la s\u00e9ptima vez que la OMS declara la emergencia internacional (un mecanismo iniciado en 2005).<\/p>\n<p>Despu\u00e9s de haberlo hecho por la gripe A en 2009, el \u00e9bola en 2014 y 2018, la polio en 2014, el virus zika en 2017.<\/p>\n<p>Por ultimo, el coronavirus causante del COVID en 2020 (nivel de alerta este \u00faltimo que sigue en vigor).<\/p>\n","protected":false},"excerpt":{"rendered":"<p>Tedros Adhanom Ghebreyesus, director general de la OMS anunci\u00f3 la decisi\u00f3n. Viruela del mono: En junio el comit\u00e9 hab\u00eda optado por no declarar la emergencia, ya que hab\u00eda 3 mil casos. La Organizaci\u00f3n Mundial de la Salud (OMS) declar\u00f3 este s\u00e1bado la emergencia internacional por el actual brote de viruela del mono. Despu\u00e9s de que [&hellip;]<\/p>\n","protected":false},"author":1,"featured_media":7761,"comment_status":"open","ping_status":"closed","sticky":false,"template":"","format":"standard","meta":{"footnotes":""},"categories":[5,11],"tags":[],"class_list":["post-7759","post","type-post","status-publish","format-standard","has-post-thumbnail","hentry","category-internacional","category-salud"],"_links":{"self":[{"href":"https:\/\/podernacional.com\/index.php?rest_route=\/wp\/v2\/posts\/7759","targetHints":{"allow":["GET"]}}],"collection":[{"href":"https:\/\/podernacional.com\/index.php?rest_route=\/wp\/v2\/posts"}],"about":[{"href":"https:\/\/podernacional.com\/index.php?rest_route=\/wp\/v2\/types\/post"}],"author":[{"embeddable":true,"href":"https:\/\/podernacional.com\/index.php?rest_route=\/wp\/v2\/users\/1"}],"replies":[{"embeddable":true,"href":"https:\/\/podernacional.com\/index.php?rest_route=%2Fwp%2Fv2%2Fcomments&post=7759"}],"version-history":[{"count":1,"href":"https:\/\/podernacional.com\/index.php?rest_route=\/wp\/v2\/posts\/7759\/revisions"}],"predecessor-version":[{"id":7760,"href":"https:\/\/podernacional.com\/index.php?rest_route=\/wp\/v2\/posts\/7759\/revisions\/7760"}],"wp:featuredmedia":[{"embeddable":true,"href":"https:\/\/podernacional.com\/index.php?rest_route=\/wp\/v2\/media\/7761"}],"wp:attachment":[{"href":"https:\/\/podernacional.com\/index.php?rest_route=%2Fwp%2Fv2%2Fmedia&parent=7759"}],"wp:term":[{"taxonomy":"category","embeddable":true,"href":"https:\/\/podernacional.com\/index.php?rest_route=%2Fwp%2Fv2%2Fcategories&post=7759"},{"taxonomy":"post_tag","embeddable":true,"href":"https:\/\/podernacional.com\/index.php?rest_route=%2Fwp%2Fv2%2Ftags&post=7759"}],"curies":[{"name":"wp","href":"https:\/\/api.w.org\/{rel}","templated":true}]}}