{"id":7762,"date":"2022-07-23T20:37:43","date_gmt":"2022-07-24T01:37:43","guid":{"rendered":"https:\/\/podernacional.com\/?p=7762"},"modified":"2022-07-24T01:37:44","modified_gmt":"2022-07-24T01:37:44","slug":"tren-maya-titular-de-la-segob-encabeza-negociaciones-en-cancun","status":"publish","type":"post","link":"https:\/\/podernacional.com\/?p=7762","title":{"rendered":"Tren Maya: Titular de la SEGOB encabeza negociaciones en Canc\u00fan"},"content":{"rendered":"<h4>Ad\u00e1n Augusto L\u00f3pez Hern\u00e1ndez tuvo una serie de reuniones y estableci\u00f3 acuerdos para desarrollar el proyecto<\/h4>\n<p>Tren Maya: Titular de la SEGOB encabeza negociaciones en Canc\u00fan<\/p>\n<p>El gobierno mexicano intensific\u00f3 sus esfuerzos por desarrollar ya sin mayores contratiempos en Quintana Roo Tren Maya.<\/p>\n<p>Entonces, su obra m\u00e1s importante en esta regi\u00f3n y para ello el titular de la Secretar\u00eda de Gobernaci\u00f3n, Ad\u00e1n Augusto L\u00f3pez Hern\u00e1ndez encabez\u00f3 en Canc\u00fan.<\/p>\n<p>Menciono, una serie de reuniones y estableci\u00f3 acuerdos en los que estuvo el gobernador Carlos Joaqu\u00edn.<\/p>\n<p>\u201cEn Canc\u00fan coordinados con el Gobernador Carlos Joaqu\u00edn, constructores y sindicatos locales de transporte firmamos un acuerdo\u201d.<\/p>\n<p>\u201cEl cual busca\u00a0desarrollar sin contratiempos las obras del Tren Maya\u201d, escribi\u00f3 el funcionario en un mensaje de redes sociales.<\/p>\n<p>\u201cEsta tarde evaluamos los avances de las obras del tren maya. Ahora vamos a supervisi\u00f3n en los frentes de trabajo\u201d.<\/p>\n<p>A\u00f1adi\u00f3 el encargado de la pol\u00edtica interna de la administraci\u00f3n de Andr\u00e9s Manuel L\u00f3pez Obrador.<\/p>\n<p>Se trata del segundo encuentro que encabeza L\u00f3pez Hern\u00e1ndez, pues apenas el 17 de julio pasado.<\/p>\n<p>Encabez\u00f3 una reuni\u00f3n de evaluaci\u00f3n de los trabajos del Tren Maya en el estado de Quintana Roo.<\/p>\n<h4>A trav\u00e9s de la cuenta oficial de la dependencia, se inform\u00f3 que el funcionario eval\u00fao los avances del proyecto impulsado por el presidente L\u00f3pez Obrador.<\/h4>\n<p>En esa ocasi\u00f3n, el funcionario encabez\u00f3 a un grupo de altos funcionarios federales entre ellos los titulares de las:<\/p>\n<p>Secretar\u00edas de Infraestructura, Comunicaciones y Transportes (SICT), del Bienestar, de Medio Ambiente y Recursos Naturales (SEMARNAT).<\/p>\n<p>As\u00ed como\u00a0de Desarrollo Agrario, Territorial y Urbano (SEDATU) y de la Funci\u00f3n P\u00fablica (SFP).<\/p>\n<p>Adem\u00e1s, apenas esta semana el gobierno del presidente Andr\u00e9s Manuel L\u00f3pez Obrador declar\u00f3 el Tren Maya como obra de seguridad nacional.<\/p>\n<p>El cual busca evitar que los amparos promovidos por organizaciones ambientalistas retrasen los trabajos de construcci\u00f3n, como ya ocurri\u00f3.<\/p>\n<p>En ese sentido, Javier May Rodr\u00edguez, director del Fondo Nacional de Fomento al Turismo (Fonatur).<\/p>\n<p>Asegur\u00f3 que la declaratoria implica que las Secretar\u00eda de Gobernaci\u00f3n y de Seguridad y Protecci\u00f3n Ciudadana (SSPC).<\/p>\n<p>Entonces, ya no la Secretar\u00eda de la Defensa Nacional\u00a0ser\u00e1n las encargadas de la obra en el sur de M\u00e9xico.<\/p>\n","protected":false},"excerpt":{"rendered":"<p>Ad\u00e1n Augusto L\u00f3pez Hern\u00e1ndez tuvo una serie de reuniones y estableci\u00f3 acuerdos para desarrollar el proyecto Tren Maya: Titular de la SEGOB encabeza negociaciones en Canc\u00fan El gobierno mexicano intensific\u00f3 sus esfuerzos por desarrollar ya sin mayores contratiempos en Quintana Roo Tren Maya. Entonces, su obra m\u00e1s importante en esta regi\u00f3n y para ello el [&hellip;]<\/p>\n","protected":false},"author":1,"featured_media":7764,"comment_status":"open","ping_status":"closed","sticky":false,"template":"","format":"standard","meta":{"footnotes":""},"categories":[6,9,10],"tags":[],"class_list":["post-7762","post","type-post","status-publish","format-standard","has-post-thumbnail","hentry","category-local","category-politica","category-quintana-roo"],"_links":{"self":[{"href":"https:\/\/podernacional.com\/index.php?rest_route=\/wp\/v2\/posts\/7762","targetHints":{"allow":["GET"]}}],"collection":[{"href":"https:\/\/podernacional.com\/index.php?rest_route=\/wp\/v2\/posts"}],"about":[{"href":"https:\/\/podernacional.com\/index.php?rest_route=\/wp\/v2\/types\/post"}],"author":[{"embeddable":true,"href":"https:\/\/podernacional.com\/index.php?rest_route=\/wp\/v2\/users\/1"}],"replies":[{"embeddable":true,"href":"https:\/\/podernacional.com\/index.php?rest_route=%2Fwp%2Fv2%2Fcomments&post=7762"}],"version-history":[{"count":1,"href":"https:\/\/podernacional.com\/index.php?rest_route=\/wp\/v2\/posts\/7762\/revisions"}],"predecessor-version":[{"id":7763,"href":"https:\/\/podernacional.com\/index.php?rest_route=\/wp\/v2\/posts\/7762\/revisions\/7763"}],"wp:featuredmedia":[{"embeddable":true,"href":"https:\/\/podernacional.com\/index.php?rest_route=\/wp\/v2\/media\/7764"}],"wp:attachment":[{"href":"https:\/\/podernacional.com\/index.php?rest_route=%2Fwp%2Fv2%2Fmedia&parent=7762"}],"wp:term":[{"taxonomy":"category","embeddable":true,"href":"https:\/\/podernacional.com\/index.php?rest_route=%2Fwp%2Fv2%2Fcategories&post=7762"},{"taxonomy":"post_tag","embeddable":true,"href":"https:\/\/podernacional.com\/index.php?rest_route=%2Fwp%2Fv2%2Ftags&post=7762"}],"curies":[{"name":"wp","href":"https:\/\/api.w.org\/{rel}","templated":true}]}}