{"id":7771,"date":"2022-07-23T21:02:03","date_gmt":"2022-07-24T02:02:03","guid":{"rendered":"https:\/\/podernacional.com\/?p=7771"},"modified":"2022-07-24T02:02:04","modified_gmt":"2022-07-24T02:02:04","slug":"gobernacion-firma-acuerdo-con-constructoras-de-q-roo-para-tren-maya","status":"publish","type":"post","link":"https:\/\/podernacional.com\/?p=7771","title":{"rendered":"Gobernaci\u00f3n firma acuerdo con constructoras de Q. Roo para Tren Maya"},"content":{"rendered":"<h4>Ad\u00e1n Augusto L\u00f3pez particip\u00f3 en la segunda reuni\u00f3n de evaluaci\u00f3n con integrantes del gabinete para dar continuidad a la obra<\/h4>\n<p>Gobernaci\u00f3n: En jornada de trabajo por el estado de Quintana Roo, el secretario de Gobernaci\u00f3n, Ad\u00e1n Augusto L\u00f3pez Hern\u00e1ndez.<\/p>\n<p>En coordinaci\u00f3n con el gobernador en la entidad, Carlos Manuel Joaqu\u00edn Gonz\u00e1lez.<\/p>\n<p>Ademas, encabez\u00f3 en Canc\u00fan la firma de un acuerdo con constructores y sindicatos locales de transporte para desarrollar sin contratiempos las obras del Tren Maya.<\/p>\n<p>Posteriormente, particip\u00f3 en la segunda reuni\u00f3n de evaluaci\u00f3n con integrantes del gabinete del Gobierno de M\u00e9xico.<\/p>\n<p>Para dar continuidad a esta obra y concluirla en el tiempo establecido.<\/p>\n<p>En la reuni\u00f3n estuvieron presentes la consejera jur\u00eddica del Ejecutivo federal, Mar\u00eda Estela R\u00edos Gonz\u00e1lez.<\/p>\n<p>Los secretarios de Infraestructura, Comunicaciones y Transportes (SICT), Jorge Arganis D\u00edaz Leal.<\/p>\n<p>De Bienestar, Ariadna Montiel Reyes.<\/p>\n<p>De Medio Ambiente y Recursos Naturales (Semarnat), Mar\u00eda Luisa Albores Gonz\u00e1lez.<\/p>\n<p>Desarrollo Agrario, Territorial y Urbano (Sedatu), Rom\u00e1n Meyer Falc\u00f3n<\/p>\n<p>As\u00ed como de la Funci\u00f3n P\u00fablica (SFP), Roberto Salcedo Aquino.<\/p>\n<p>As\u00ed como el subsecretario de la Secretar\u00eda de la Defensa Nacional (Sedena), Agust\u00edn Radilla Suastegui.<\/p>\n<p>Ademas, los directores generales del Instituto Nacional de Antropolog\u00eda e Historia (INAH), Diego Prieto Hern\u00e1ndez.<\/p>\n<p>Del Fondo Nacional de Fomento al Turismo (Fonatur), Javier May Rodr\u00edguez.<\/p>\n<p>Frustrante, reactivaci\u00f3n de obra del Tren Maya: Kate de Castillo<\/p>\n<p>El Gobierno de M\u00e9xico trabaja en coordinaci\u00f3n con autoridades estatales e integrantes de diversos sectores de la sociedad.<\/p>\n<p>A fin de que el Tren Maya se concluya en tiempo y forma, conforme a la instrucci\u00f3n del Ejecutivo federal.<\/p>\n<p>Con esto, Gobernaci\u00f3n firma acuerdo con constructoras de Q. Roo para Tren Maya<\/p>\n<p>&nbsp;<\/p>\n","protected":false},"excerpt":{"rendered":"<p>Ad\u00e1n Augusto L\u00f3pez particip\u00f3 en la segunda reuni\u00f3n de evaluaci\u00f3n con integrantes del gabinete para dar continuidad a la obra Gobernaci\u00f3n: En jornada de trabajo por el estado de Quintana Roo, el secretario de Gobernaci\u00f3n, Ad\u00e1n Augusto L\u00f3pez Hern\u00e1ndez. En coordinaci\u00f3n con el gobernador en la entidad, Carlos Manuel Joaqu\u00edn Gonz\u00e1lez. Ademas, encabez\u00f3 en Canc\u00fan [&hellip;]<\/p>\n","protected":false},"author":1,"featured_media":7773,"comment_status":"open","ping_status":"closed","sticky":false,"template":"","format":"standard","meta":{"footnotes":""},"categories":[6,9,10],"tags":[],"class_list":["post-7771","post","type-post","status-publish","format-standard","has-post-thumbnail","hentry","category-local","category-politica","category-quintana-roo"],"_links":{"self":[{"href":"https:\/\/podernacional.com\/index.php?rest_route=\/wp\/v2\/posts\/7771","targetHints":{"allow":["GET"]}}],"collection":[{"href":"https:\/\/podernacional.com\/index.php?rest_route=\/wp\/v2\/posts"}],"about":[{"href":"https:\/\/podernacional.com\/index.php?rest_route=\/wp\/v2\/types\/post"}],"author":[{"embeddable":true,"href":"https:\/\/podernacional.com\/index.php?rest_route=\/wp\/v2\/users\/1"}],"replies":[{"embeddable":true,"href":"https:\/\/podernacional.com\/index.php?rest_route=%2Fwp%2Fv2%2Fcomments&post=7771"}],"version-history":[{"count":1,"href":"https:\/\/podernacional.com\/index.php?rest_route=\/wp\/v2\/posts\/7771\/revisions"}],"predecessor-version":[{"id":7772,"href":"https:\/\/podernacional.com\/index.php?rest_route=\/wp\/v2\/posts\/7771\/revisions\/7772"}],"wp:featuredmedia":[{"embeddable":true,"href":"https:\/\/podernacional.com\/index.php?rest_route=\/wp\/v2\/media\/7773"}],"wp:attachment":[{"href":"https:\/\/podernacional.com\/index.php?rest_route=%2Fwp%2Fv2%2Fmedia&parent=7771"}],"wp:term":[{"taxonomy":"category","embeddable":true,"href":"https:\/\/podernacional.com\/index.php?rest_route=%2Fwp%2Fv2%2Fcategories&post=7771"},{"taxonomy":"post_tag","embeddable":true,"href":"https:\/\/podernacional.com\/index.php?rest_route=%2Fwp%2Fv2%2Ftags&post=7771"}],"curies":[{"name":"wp","href":"https:\/\/api.w.org\/{rel}","templated":true}]}}