{"id":7774,"date":"2022-07-23T21:09:58","date_gmt":"2022-07-24T02:09:58","guid":{"rendered":"https:\/\/podernacional.com\/?p=7774"},"modified":"2022-07-24T02:10:00","modified_gmt":"2022-07-24T02:10:00","slug":"viruela-del-mono-la-oms-declara-la-emergencia-de-salud-publica-de-importancia-internacional","status":"publish","type":"post","link":"https:\/\/podernacional.com\/?p=7774","title":{"rendered":"Viruela del mono: la OMS declara la \u00abemergencia de salud p\u00fablica de importancia internacional\u00bb"},"content":{"rendered":"<h4>Este s\u00e1bado, el director general de la Organizaci\u00f3n Mundial de la Salud (OMS), Tedros Adhanom Ghebreyesus.<\/h4>\n<p>Declar\u00f3 a la viruela del mono como una emergencia sanitaria mundial despu\u00e9s de los m\u00e1s de 16.000 casos reportados en 75 pa\u00edses.<\/p>\n<p>Ademas de tener cinco muertes en \u00c1frica.<\/p>\n<p>A finales de junio, el comit\u00e9 de expertos del ente descart\u00f3 dicha emergencia.<\/p>\n<p>Pero el crecimiento exponencial de los casos en el \u00faltimo mes decant\u00f3 la balanza para la decisi\u00f3n del mandatario.<\/p>\n<p>La viruela del mono se ha convertido en una \u00abemergencia de salud p\u00fablica de importancia internacional\u00bb.<\/p>\n<p>Lo declar\u00f3 este s\u00e1bado el director de la OMS, Tedros Adhanom Ghebreyesus en una rueda de prensa desde la sede del ente en Ginebra, Suiza.<\/p>\n<p>El jueves, 21 de julio, el comit\u00e9 de expertos que asesora al mandatario se junt\u00f3, dividido en su criterio.<\/p>\n<p>Para abordar la cuesti\u00f3n tras el aumento exponencial de casos en el \u00faltimo mes.<\/p>\n<p>Despu\u00e9s, traslad\u00f3 sus conclusiones y asesoramiento a Tedros, el encargado de informar su conclusi\u00f3n este s\u00e1bado.<\/p>\n<p>Entre las motivaciones de la OMS para decretar la emergencia est\u00e1 el hecho de que:<\/p>\n<p>\u00abEl virus se est\u00e1 transmitiendo r\u00e1pidamente en muchos pa\u00edses donde no hubo casos con anterioridad\u00bb, inform\u00f3 el director general.<\/p>\n<p>Las \u00faltimas semanas han sido decisivas para la declaraci\u00f3n de emergencia sanitaria internacional.<\/p>\n<h4>Ya que a finales de junio los expertos de la OMS descartaron elevar el nivel de alerta.<\/h4>\n<p>Ampliaci\u00f3n microsc\u00f3pica de c\u00e9lulas infectadas por el virus de la viruela del mono.<\/p>\n<p>Se menciona que es en tejido humano recogido en un brote de viruela del mono de 2003 en Estados Unidos.<\/p>\n<p>Entonces, hab\u00eda 3.000 casos reportados.<\/p>\n<p>En la actualidad son m\u00e1s de 16.000 en 75 pa\u00edses y cinco muertes en \u00c1frica.<\/p>\n<p>Por lo que la presi\u00f3n de la comunidad cient\u00edfica sobre el ente mundial de la salud aument\u00f3 significativamente.<\/p>\n<p>Sin embargo, la decisi\u00f3n de este s\u00e1bado tampoco se tom\u00f3 por consenso.<\/p>\n<p>Tedros anunci\u00f3 en la rueda de prensa que tuvo que ejercer de \u00e1rbitro.<\/p>\n<p>Ya que nueve expertos del comit\u00e9 se mostraron contrarios a la declaraci\u00f3n de la alerta m\u00e1xima sanitaria y seis a favor.<\/p>\n<p>El nivel de alarma es ya \u00abalto\u00bb en Europa, donde se concentran el 80 % de los casos.<\/p>\n<p>En el resto de las regiones, incluida \u00c1frica, donde esta enfermedad es end\u00e9mica desde hace d\u00e9cadas, el nivel es \u00abmoderado\u00bb.<\/p>\n","protected":false},"excerpt":{"rendered":"<p>Este s\u00e1bado, el director general de la Organizaci\u00f3n Mundial de la Salud (OMS), Tedros Adhanom Ghebreyesus. Declar\u00f3 a la viruela del mono como una emergencia sanitaria mundial despu\u00e9s de los m\u00e1s de 16.000 casos reportados en 75 pa\u00edses. Ademas de tener cinco muertes en \u00c1frica. A finales de junio, el comit\u00e9 de expertos del ente [&hellip;]<\/p>\n","protected":false},"author":1,"featured_media":7776,"comment_status":"open","ping_status":"closed","sticky":false,"template":"","format":"standard","meta":{"footnotes":""},"categories":[5,11],"tags":[],"class_list":["post-7774","post","type-post","status-publish","format-standard","has-post-thumbnail","hentry","category-internacional","category-salud"],"_links":{"self":[{"href":"https:\/\/podernacional.com\/index.php?rest_route=\/wp\/v2\/posts\/7774","targetHints":{"allow":["GET"]}}],"collection":[{"href":"https:\/\/podernacional.com\/index.php?rest_route=\/wp\/v2\/posts"}],"about":[{"href":"https:\/\/podernacional.com\/index.php?rest_route=\/wp\/v2\/types\/post"}],"author":[{"embeddable":true,"href":"https:\/\/podernacional.com\/index.php?rest_route=\/wp\/v2\/users\/1"}],"replies":[{"embeddable":true,"href":"https:\/\/podernacional.com\/index.php?rest_route=%2Fwp%2Fv2%2Fcomments&post=7774"}],"version-history":[{"count":1,"href":"https:\/\/podernacional.com\/index.php?rest_route=\/wp\/v2\/posts\/7774\/revisions"}],"predecessor-version":[{"id":7775,"href":"https:\/\/podernacional.com\/index.php?rest_route=\/wp\/v2\/posts\/7774\/revisions\/7775"}],"wp:featuredmedia":[{"embeddable":true,"href":"https:\/\/podernacional.com\/index.php?rest_route=\/wp\/v2\/media\/7776"}],"wp:attachment":[{"href":"https:\/\/podernacional.com\/index.php?rest_route=%2Fwp%2Fv2%2Fmedia&parent=7774"}],"wp:term":[{"taxonomy":"category","embeddable":true,"href":"https:\/\/podernacional.com\/index.php?rest_route=%2Fwp%2Fv2%2Fcategories&post=7774"},{"taxonomy":"post_tag","embeddable":true,"href":"https:\/\/podernacional.com\/index.php?rest_route=%2Fwp%2Fv2%2Ftags&post=7774"}],"curies":[{"name":"wp","href":"https:\/\/api.w.org\/{rel}","templated":true}]}}