{"id":7780,"date":"2022-07-25T20:07:54","date_gmt":"2022-07-26T01:07:54","guid":{"rendered":"https:\/\/podernacional.com\/?p=7780"},"modified":"2022-07-26T01:07:55","modified_gmt":"2022-07-26T01:07:55","slug":"el-bono-cultural-joven-de-400-euros-echa-a-andar-con-2-912-empresas-adheridas-y-vocacion-de-consolidarse","status":"publish","type":"post","link":"https:\/\/podernacional.com\/?p=7780","title":{"rendered":"El Bono Cultural Joven de 400 euros echa a andar con 2.912 empresas adheridas y vocaci\u00f3n de consolidarse"},"content":{"rendered":"<h4>Los j\u00f3venes de 18 a\u00f1os tienen de plazo hasta el 15 de octubre para solicitar su \u00abtarjeta prepago\u00bb<\/h4>\n<p>El Bono Cultural: El ministro de Cultura, Miquel Iceta, este lunes en la presentaci\u00f3n del bono en Valencia.<\/p>\n<p>El Gobierno da marcha atr\u00e1s y deja los toros fuera del bono cultural joven<\/p>\n<p>\u00abProbadlo a ver si el sistema aguanta, que con la inform\u00e1tica nunca se sabe\u00bb.<\/p>\n<p>La broma este lunes en Valencia del ministro de Cultura, Miquel Iceta, persegu\u00eda en realidad un \u00fanico objetivo:<\/p>\n<p>Animar al medio mill\u00f3n de j\u00f3venes de 18 a\u00f1os que se calcula como beneficiarios a darse de alta en la p\u00e1gina web.<\/p>\n<p>Del dicho\u00a0reci\u00e9n estrenado Bono Cultural Joven.<\/p>\n<p>La iniciativa, que echa este lunes a andar, supone en la pr\u00e1ctica un cheque regalo de 400 euros para gastar en productos culturales de todo tipo.<\/p>\n<p>\u00abSi nosotros hubi\u00e9ramos tenido esta oportunidades, entonces hubiera sido una millonada\u00bb, ha ironizado el ministro.<\/p>\n<p>Bromas aparte, Iceta ha pedido a los j\u00f3venes solicitar el bono \u00abcuanto antes\u00bb.<\/p>\n<p>Ya\u00a0que hay de plazo hasta el pr\u00f3ximo 15 de octubre, y a las empresas culturales.<\/p>\n<p>A darse de alta en la plataforma.<\/p>\n<p>Hasta la fecha, ya se han adherido un total de 2.912, que son en las que se podr\u00e1 gastar esta especie de tarjeta prepago.<\/p>\n<p>\u00abNecesitamos m\u00e1s porque queremos llegar a todas partes\u00bb, ha insistido Iceta durante la presentaci\u00f3n de la iniciativa en el Museo de Bellas Artes de Valencia.<\/p>\n<h4>\u00bfY a qu\u00e9 dar\u00e1 derecho el Bono Cultural?<\/h4>\n<p>Tras la pol\u00e9mica por la exclusi\u00f3n de la oferta cultural de los espect\u00e1culos taurinos.<\/p>\n<p>Ademas de los 400 euros se podr\u00e1n gastar a lo largo de un a\u00f1o de tres formas.<\/p>\n<p>La primera: 200 euros para artes en vivo, patrimonio cultural y artes audiovisuales, como entradas y abonos para cines, museos, teatros, conciertos, exposiciones&#8230;<\/p>\n<p>La segunda: 100 euros para productos culturales en soporte f\u00edsico, como libros, prensa, videojuegos o discos.<\/p>\n<p>Y la tercera: 100 euros euros para consumo digital o en l\u00ednea, lo que incluye suscripciones y alquileres a plataformas musicales.<\/p>\n<p>Ya sean de lectura o audiovisuales, compra de libros digitales e incluso suscripci\u00f3n a podcasts, videojuegos en l\u00ednea o prensa digital.<\/p>\n<p>El programa, cuyo presupuesto es de 210 millones de euros, se dirige \u00fanicamente a los j\u00f3venes que cumplan 18 a\u00f1os en este 2022.<\/p>\n<p>Es decir, a los nacidos en 2004.<\/p>\n<p>\u00abMedio mill\u00f3n este a\u00f1o y medio mill\u00f3n el que viene\u00bb, ha dicho Iceta sobre el n\u00famero de beneficiarios que espera el Ministerio.<\/p>\n<p>El responsable de Cultura, por tanto, ha dejado la puerta abierta a seguir repartiendo el Bono Cultural Joven en pr\u00f3ximas ediciones.<\/p>\n<p>\u00abHay que pedirlo, usarlo y disfrutarlo. Hay que ser feliz\u00bb, ha sentenciado el ministro.<\/p>\n<p>El ministro de Cultura, Miquel Iceta, este lunes en la presentaci\u00f3n del bono en Valencia.<\/p>\n<p>&nbsp;<\/p>\n","protected":false},"excerpt":{"rendered":"<p>Los j\u00f3venes de 18 a\u00f1os tienen de plazo hasta el 15 de octubre para solicitar su \u00abtarjeta prepago\u00bb El Bono Cultural: El ministro de Cultura, Miquel Iceta, este lunes en la presentaci\u00f3n del bono en Valencia. El Gobierno da marcha atr\u00e1s y deja los toros fuera del bono cultural joven \u00abProbadlo a ver si el [&hellip;]<\/p>\n","protected":false},"author":1,"featured_media":7782,"comment_status":"open","ping_status":"closed","sticky":false,"template":"","format":"standard","meta":{"footnotes":""},"categories":[2,5],"tags":[],"class_list":["post-7780","post","type-post","status-publish","format-standard","has-post-thumbnail","hentry","category-cultural","category-internacional"],"_links":{"self":[{"href":"https:\/\/podernacional.com\/index.php?rest_route=\/wp\/v2\/posts\/7780","targetHints":{"allow":["GET"]}}],"collection":[{"href":"https:\/\/podernacional.com\/index.php?rest_route=\/wp\/v2\/posts"}],"about":[{"href":"https:\/\/podernacional.com\/index.php?rest_route=\/wp\/v2\/types\/post"}],"author":[{"embeddable":true,"href":"https:\/\/podernacional.com\/index.php?rest_route=\/wp\/v2\/users\/1"}],"replies":[{"embeddable":true,"href":"https:\/\/podernacional.com\/index.php?rest_route=%2Fwp%2Fv2%2Fcomments&post=7780"}],"version-history":[{"count":1,"href":"https:\/\/podernacional.com\/index.php?rest_route=\/wp\/v2\/posts\/7780\/revisions"}],"predecessor-version":[{"id":7781,"href":"https:\/\/podernacional.com\/index.php?rest_route=\/wp\/v2\/posts\/7780\/revisions\/7781"}],"wp:featuredmedia":[{"embeddable":true,"href":"https:\/\/podernacional.com\/index.php?rest_route=\/wp\/v2\/media\/7782"}],"wp:attachment":[{"href":"https:\/\/podernacional.com\/index.php?rest_route=%2Fwp%2Fv2%2Fmedia&parent=7780"}],"wp:term":[{"taxonomy":"category","embeddable":true,"href":"https:\/\/podernacional.com\/index.php?rest_route=%2Fwp%2Fv2%2Fcategories&post=7780"},{"taxonomy":"post_tag","embeddable":true,"href":"https:\/\/podernacional.com\/index.php?rest_route=%2Fwp%2Fv2%2Ftags&post=7780"}],"curies":[{"name":"wp","href":"https:\/\/api.w.org\/{rel}","templated":true}]}}