{"id":7786,"date":"2022-07-25T20:22:23","date_gmt":"2022-07-26T01:22:23","guid":{"rendered":"https:\/\/podernacional.com\/?p=7786"},"modified":"2022-07-26T01:22:24","modified_gmt":"2022-07-26T01:22:24","slug":"la-consejeria-de-cultura-y-patrimonio-programa-en-la-provincia-cuatro-espectaculos-en-agosto","status":"publish","type":"post","link":"https:\/\/podernacional.com\/?p=7786","title":{"rendered":"La Consejer\u00eda de Cultura y Patrimonio programa en la provincia cuatro espect\u00e1culos en agosto"},"content":{"rendered":"<h4>La Consejer\u00eda de Cultura y Patrimonio Hist\u00f3rico, a trav\u00e9s de la Agencia Andaluza de Instituciones Culturales.<\/h4>\n<p>La Consejer\u00eda de Cultura: Como programas en agosto cuatro espect\u00e1culos de danza y circo en los municipios malague\u00f1os de Marbella y Torremolinos.<\/p>\n<p>Ademas, dentro de la Red Andaluza de Teatros P\u00fablicos.<\/p>\n<p>Las compa\u00f1\u00edas de Baldo Ruiz, Chicharr\u00f3n Circo Flamenco.<\/p>\n<p>Con eso a las Circo Teatro y Rolabola Teatro ser\u00e1n las encargadas de llevar a escena sus montajes entre el 5 y el 18 de agosto.<\/p>\n<p>El primer espect\u00e1culo del mes correr\u00e1 a cargo la compa\u00f1\u00eda de Baldo Ruiz, actor, core\u00f3grafo, bailar\u00edn y director.<\/p>\n<p>En &#8216;Cortejo&#8217; una pareja vestida para el d\u00eda de su boda.<\/p>\n<p>Se\u00a0encuentra en un espacio donde solo hay una mesa y dos bancos propios de un sal\u00f3n de celebraciones.<\/p>\n<p>Es el momento de cortejarse.<\/p>\n<p>&#8216;Cortejo&#8217; trata las relaciones de pareja, versa sobre el cortejo humano y animal, las formas de cortejarse seg\u00fan el sexo, el g\u00e9nero.<\/p>\n<p>Ademas que\u00a0todo lo que conlleva en cuanto a los roles que han tomado el hombre y la mujer en nuestra sociedad.<\/p>\n<p>Ruiz es miembro de la compa\u00f1\u00eda PorinerciaTeatro, con la que ha recibido m\u00e1s de 20 premios en diferentes cert\u00e1menes nacionales.<\/p>\n<p>Ha trabajado con creadores, directores, y core\u00f3grafos como Chevi Muraday, Antonio Rinc\u00f3n Cano, Isabel V\u00e1zquez, Carl Flink y Fernando L\u00e1zaro.<\/p>\n<p>El pr\u00f3ximo 5 de agosto en Marbella estar\u00e1 acompa\u00f1ado por Paloma Calder\u00f3n, a las 21 horas en el Paseo Mar\u00edtimo Fernando Moreno de Marbella.<\/p>\n<p>Tambi\u00e9n a Marbella llega &#8216;Sin Ojana&#8217;, la gran revelaci\u00f3n del circo en Andaluc\u00eda, un espect\u00e1culo de circo, flamenco y humor para familias.<\/p>\n<p>Ademas que desde su estreno ha logrado una retah\u00edla de premios.<\/p>\n<p>El primer espect\u00e1culo de la joven formaci\u00f3n Chicharr\u00f3n Circo Flamenco es un cante a la libertad, a la mujer y un homenaje al flamenco.<\/p>\n<p>Comedia y drama, investigaci\u00f3n del malabar y comp\u00e1s.<\/p>\n<p>As\u00ed como, cante flamenco y equilibrios se dan la mano para generar escenas que arrancan m\u00e1s de un \u00abole\u00bb al p\u00fablico.<\/p>\n<p>Un mestizaje de artes, interpretado por Germ\u00e1n L\u00f3pez, autor de la idea original.<\/p>\n<p>Muy recomendado para todos los p\u00fablicos a partir de diez a\u00f1os y sus familias.<\/p>\n<p>La funci\u00f3n tendr\u00e1 lugar el 12 de agosto a las 21 horas en el Boulevard de San Pedro de Alc\u00e1ntara, en Marbella.<\/p>\n<p>&nbsp;<\/p>\n<p>&nbsp;<\/p>\n","protected":false},"excerpt":{"rendered":"<p>La Consejer\u00eda de Cultura y Patrimonio Hist\u00f3rico, a trav\u00e9s de la Agencia Andaluza de Instituciones Culturales. La Consejer\u00eda de Cultura: Como programas en agosto cuatro espect\u00e1culos de danza y circo en los municipios malague\u00f1os de Marbella y Torremolinos. Ademas, dentro de la Red Andaluza de Teatros P\u00fablicos. Las compa\u00f1\u00edas de Baldo Ruiz, Chicharr\u00f3n Circo Flamenco. [&hellip;]<\/p>\n","protected":false},"author":1,"featured_media":7788,"comment_status":"open","ping_status":"closed","sticky":false,"template":"","format":"standard","meta":{"footnotes":""},"categories":[4,5],"tags":[],"class_list":["post-7786","post","type-post","status-publish","format-standard","has-post-thumbnail","hentry","category-espectaculos","category-internacional"],"_links":{"self":[{"href":"https:\/\/podernacional.com\/index.php?rest_route=\/wp\/v2\/posts\/7786","targetHints":{"allow":["GET"]}}],"collection":[{"href":"https:\/\/podernacional.com\/index.php?rest_route=\/wp\/v2\/posts"}],"about":[{"href":"https:\/\/podernacional.com\/index.php?rest_route=\/wp\/v2\/types\/post"}],"author":[{"embeddable":true,"href":"https:\/\/podernacional.com\/index.php?rest_route=\/wp\/v2\/users\/1"}],"replies":[{"embeddable":true,"href":"https:\/\/podernacional.com\/index.php?rest_route=%2Fwp%2Fv2%2Fcomments&post=7786"}],"version-history":[{"count":1,"href":"https:\/\/podernacional.com\/index.php?rest_route=\/wp\/v2\/posts\/7786\/revisions"}],"predecessor-version":[{"id":7787,"href":"https:\/\/podernacional.com\/index.php?rest_route=\/wp\/v2\/posts\/7786\/revisions\/7787"}],"wp:featuredmedia":[{"embeddable":true,"href":"https:\/\/podernacional.com\/index.php?rest_route=\/wp\/v2\/media\/7788"}],"wp:attachment":[{"href":"https:\/\/podernacional.com\/index.php?rest_route=%2Fwp%2Fv2%2Fmedia&parent=7786"}],"wp:term":[{"taxonomy":"category","embeddable":true,"href":"https:\/\/podernacional.com\/index.php?rest_route=%2Fwp%2Fv2%2Fcategories&post=7786"},{"taxonomy":"post_tag","embeddable":true,"href":"https:\/\/podernacional.com\/index.php?rest_route=%2Fwp%2Fv2%2Ftags&post=7786"}],"curies":[{"name":"wp","href":"https:\/\/api.w.org\/{rel}","templated":true}]}}