{"id":7789,"date":"2022-07-25T20:47:29","date_gmt":"2022-07-26T01:47:29","guid":{"rendered":"https:\/\/podernacional.com\/?p=7789"},"modified":"2022-07-26T01:47:30","modified_gmt":"2022-07-26T01:47:30","slug":"que-implica-la-declaracion-de-la-viruela-del-mono-como-emergencia-de-salud-internacional","status":"publish","type":"post","link":"https:\/\/podernacional.com\/?p=7789","title":{"rendered":"\u00bfQu\u00e9 implica la declaraci\u00f3n de la viruela del mono como emergencia de salud internacional?"},"content":{"rendered":"<h4>El actual brote de viruela del mono ha sido declarado por la <a href=\"https:\/\/www.who.int\/es\">Organizaci\u00f3n Mundial de la Salud<\/a> (OMS).<\/h4>\n<p>Viruela del mono: Como una emergencia de salud p\u00fablica de importancia internacional (ESPII).<\/p>\n<p>Es el nivel de alerta mundial m\u00e1s elevado, una distinci\u00f3n que actualmente solo exhib\u00edan la covid-19 y la polio.<\/p>\n<p>Es la s\u00e9ptima vez que se hace una declaraci\u00f3n de este tipo en los \u00faltimos 13 a\u00f1os.<\/p>\n<p>En el a\u00f1o 2009 fue por la pandemia del virus H1N1 (gripe porcina), en el 2014 por la poliomielitis.<\/p>\n<p>En el periodo 2013-2016 por el brote de \u00e9bola en \u00c1frica occidental, en los a\u00f1os 2015 y 2016 por la epidemia del virus del Zika.<\/p>\n<p>As\u00ed como\u00a0de 2018 a 2020 por la epidemia de \u00e9bola de Kivu, y la pen\u00faltima por la pandemia de covid-19.<\/p>\n<p>La declaraci\u00f3n formal de la OMS define una emergencia de salud p\u00fablica de inter\u00e9s internacional como:<\/p>\n<p>\u201cUn evento extraordinario que se determina que constituye un riesgo para la salud p\u00fablica de otros Estados\u201d.<\/p>\n<p>\u201cA\u00a0trav\u00e9s de la propagaci\u00f3n internacional de la enfermedad y que potencialmente requiere una respuesta internacional coordinada\u201d.<\/p>\n<p>Se toma esta decisi\u00f3n cuando surge una situaci\u00f3n que es grave, repentina, inusual o inesperada.<\/p>\n<p>Que conlleva implicaciones para la salud p\u00fablica m\u00e1s all\u00e1 de la frontera nacional del Estado afectado.<\/p>\n<p>Ademas\u00a0que puede requerir una acci\u00f3n internacional inmediata.<\/p>\n<p>Y parece que ese es el caso.<\/p>\n<p>Las recomendaciones son temporales y requieren revisiones cada tres meses.<\/p>\n<p>La OMS ha notificado que el riesgo de viruela del simio es moderado a nivel global, pero alto en Europa.<\/p>\n<p>Donde se han producido gran parte de las infecciones desde que se inici\u00f3 el brote la pasada primavera.<\/p>\n<p>Desde el 6 de mayo hasta el 22 de julio de 2022 han sido confirmados.<\/p>\n<p>As\u00ed como,\u00a0m\u00e1s de 16.500 casos de viruela del mono en al menos 74 pa\u00edses diferentes.<\/p>\n","protected":false},"excerpt":{"rendered":"<p>El actual brote de viruela del mono ha sido declarado por la Organizaci\u00f3n Mundial de la Salud (OMS). Viruela del mono: Como una emergencia de salud p\u00fablica de importancia internacional (ESPII). Es el nivel de alerta mundial m\u00e1s elevado, una distinci\u00f3n que actualmente solo exhib\u00edan la covid-19 y la polio. Es la s\u00e9ptima vez que [&hellip;]<\/p>\n","protected":false},"author":1,"featured_media":7791,"comment_status":"open","ping_status":"closed","sticky":false,"template":"","format":"standard","meta":{"footnotes":""},"categories":[5,11],"tags":[],"class_list":["post-7789","post","type-post","status-publish","format-standard","has-post-thumbnail","hentry","category-internacional","category-salud"],"_links":{"self":[{"href":"https:\/\/podernacional.com\/index.php?rest_route=\/wp\/v2\/posts\/7789","targetHints":{"allow":["GET"]}}],"collection":[{"href":"https:\/\/podernacional.com\/index.php?rest_route=\/wp\/v2\/posts"}],"about":[{"href":"https:\/\/podernacional.com\/index.php?rest_route=\/wp\/v2\/types\/post"}],"author":[{"embeddable":true,"href":"https:\/\/podernacional.com\/index.php?rest_route=\/wp\/v2\/users\/1"}],"replies":[{"embeddable":true,"href":"https:\/\/podernacional.com\/index.php?rest_route=%2Fwp%2Fv2%2Fcomments&post=7789"}],"version-history":[{"count":1,"href":"https:\/\/podernacional.com\/index.php?rest_route=\/wp\/v2\/posts\/7789\/revisions"}],"predecessor-version":[{"id":7790,"href":"https:\/\/podernacional.com\/index.php?rest_route=\/wp\/v2\/posts\/7789\/revisions\/7790"}],"wp:featuredmedia":[{"embeddable":true,"href":"https:\/\/podernacional.com\/index.php?rest_route=\/wp\/v2\/media\/7791"}],"wp:attachment":[{"href":"https:\/\/podernacional.com\/index.php?rest_route=%2Fwp%2Fv2%2Fmedia&parent=7789"}],"wp:term":[{"taxonomy":"category","embeddable":true,"href":"https:\/\/podernacional.com\/index.php?rest_route=%2Fwp%2Fv2%2Fcategories&post=7789"},{"taxonomy":"post_tag","embeddable":true,"href":"https:\/\/podernacional.com\/index.php?rest_route=%2Fwp%2Fv2%2Ftags&post=7789"}],"curies":[{"name":"wp","href":"https:\/\/api.w.org\/{rel}","templated":true}]}}