{"id":779,"date":"2020-07-30T19:29:40","date_gmt":"2020-07-30T19:29:40","guid":{"rendered":"http:\/\/whatsappcancun.com\/?p=779"},"modified":"2020-07-30T19:29:40","modified_gmt":"2020-07-30T19:29:40","slug":"adopta-un-perrito-a-traves-de-zoom","status":"publish","type":"post","link":"https:\/\/podernacional.com\/?p=779","title":{"rendered":"\u00a1Adopta un perrito a trav\u00e9s de Zoom!"},"content":{"rendered":"\n<p>Sin salir de tu hogar, puedes adoptar un perro a trav\u00e9s del primer DOGS EN ZOOM, evento de adopci\u00f3n en l\u00ednea abierto al p\u00fablico en general.<\/p>\n\n\n\n<p>En M\u00e9xico, las solicitudes de adoptaci\u00f3n de perros en albergues han disminuido debido a la pandemia del Covid-19, de acuerdo con Pedigree.<\/p>\n\n\n\n<p>La adopci\u00f3n tradici\u00f3n se dificulta por las medidas de distanciamiento social, pues es un reto acudir a un refugio para conocer a los animales.<\/p>\n\n\n\n<p>Por lo anterior, la marca de alimento para mascotas cre\u00f3 DOGS EN ZOOM, en el que las personas podr\u00e1n conocer a los perros del Programa Pedigree Ad\u00f3ptame, hacer preguntas en vivo y adoptar a los canes.<\/p>\n\n\n\n<p>\u00abEstamos convencidos (de) que los perros sacan lo mejor de nosotros, por eso al ofrecerles una segunda oportunidad, un hogar y cari\u00f1o, les devolvemos todo lo bueno que ellos nos dan\u00bb, explic\u00f3 Ignacio Inda, director de marketing de Mars Pet Nutrition Latinoam\u00e9rica, firma a la que pertenece Pedigree.<\/p>\n\n\n\n<p>El evento se llevar\u00e1 a cabo el 31 de julio a las 18:00 horas. Cualquier persona puede participar en la videollamada por la plataforma ZOOM, pero deber\u00e1 registrarse en el siguiente enlace: bit.ly\/3i3Izez.<\/p>\n\n\n\n<p>Una hora antes, los registrados recibir\u00e1n un correo electr\u00f3nico con el link para conectarse.<\/p>\n\n\n\n<p>Las personas que no se registraron, pero est\u00e1n interesados en seguir el evento podr\u00e1n hacerlo desde la p\u00e1gina de Facebook de la marca.<\/p>\n\n\n\n<p>En esta ocasi\u00f3n, cuatro perros del albergue Presencia animal estar\u00e1n en adopci\u00f3n: \u00abAgus\u00bb, de un 1 a\u00f1o; \u00abYoli\u00bb, de 2 a\u00f1os; \u00abZoey\u00bb, de 6 a\u00f1os; y \u00abReme\u00bb, de 2 a\u00f1os.<\/p>\n","protected":false},"excerpt":{"rendered":"<p>Sin salir de tu hogar, puedes adoptar un perro a trav\u00e9s del primer DOGS EN ZOOM, evento de adopci\u00f3n en l\u00ednea abierto al p\u00fablico en general. En M\u00e9xico, las solicitudes de adoptaci\u00f3n de perros en albergues han disminuido debido a la pandemia del Covid-19, de acuerdo con Pedigree. La adopci\u00f3n tradici\u00f3n se dificulta por las [&hellip;]<\/p>\n","protected":false},"author":1,"featured_media":780,"comment_status":"open","ping_status":"open","sticky":false,"template":"","format":"standard","meta":{"footnotes":""},"categories":[12],"tags":[],"class_list":["post-779","post","type-post","status-publish","format-standard","has-post-thumbnail","hentry","category-sin-categoria"],"_links":{"self":[{"href":"https:\/\/podernacional.com\/index.php?rest_route=\/wp\/v2\/posts\/779","targetHints":{"allow":["GET"]}}],"collection":[{"href":"https:\/\/podernacional.com\/index.php?rest_route=\/wp\/v2\/posts"}],"about":[{"href":"https:\/\/podernacional.com\/index.php?rest_route=\/wp\/v2\/types\/post"}],"author":[{"embeddable":true,"href":"https:\/\/podernacional.com\/index.php?rest_route=\/wp\/v2\/users\/1"}],"replies":[{"embeddable":true,"href":"https:\/\/podernacional.com\/index.php?rest_route=%2Fwp%2Fv2%2Fcomments&post=779"}],"version-history":[{"count":0,"href":"https:\/\/podernacional.com\/index.php?rest_route=\/wp\/v2\/posts\/779\/revisions"}],"wp:featuredmedia":[{"embeddable":true,"href":"https:\/\/podernacional.com\/index.php?rest_route=\/wp\/v2\/media\/780"}],"wp:attachment":[{"href":"https:\/\/podernacional.com\/index.php?rest_route=%2Fwp%2Fv2%2Fmedia&parent=779"}],"wp:term":[{"taxonomy":"category","embeddable":true,"href":"https:\/\/podernacional.com\/index.php?rest_route=%2Fwp%2Fv2%2Fcategories&post=779"},{"taxonomy":"post_tag","embeddable":true,"href":"https:\/\/podernacional.com\/index.php?rest_route=%2Fwp%2Fv2%2Ftags&post=779"}],"curies":[{"name":"wp","href":"https:\/\/api.w.org\/{rel}","templated":true}]}}