{"id":7792,"date":"2022-07-25T21:08:04","date_gmt":"2022-07-26T02:08:04","guid":{"rendered":"https:\/\/podernacional.com\/?p=7792"},"modified":"2022-07-26T02:08:06","modified_gmt":"2022-07-26T02:08:06","slug":"ebrard-se-reune-con-empresarios-en-cancun","status":"publish","type":"post","link":"https:\/\/podernacional.com\/?p=7792","title":{"rendered":"Ebrard se re\u00fane con empresarios en Canc\u00fan"},"content":{"rendered":"<h4>Los asistentes fueron a respaldar al canciller en su carrera proselitista a la presidencia de la rep\u00fablica<\/h4>\n<p>Ebrard se comprometi\u00f3 a encabezar una gira de promoci\u00f3n tur\u00edstica por Estados Unidos, principal mercado de turismo de Quintana Roo<\/p>\n<p>El secretario de Relaciones Exteriores, Marcelo Ebrard realiz\u00f3 este lunes una gira de trabajo por Canc\u00fan.<\/p>\n<p>Lugar donde se reuni\u00f3 en tres eventos diferentes con empresarios, mujeres l\u00edderes y otras agrupaciones.<\/p>\n<p>Entre ellas una enfocada al apoyo defensa de extranjeros, donde hubo protocolo y c\u00f3digos de conducta a los invitados, como el no corearlo \u00a1Presidente! \u00a1Presidente!<\/p>\n<p>A los invitados se les sugiri\u00f3 llegar puntuales, mantener un orden riguroso y no portar logos partidistas.<\/p>\n<p>El canciller lleg\u00f3 poco m\u00e1s de media hora tarde al encuentro con empresarios.<\/p>\n<p>Al evento denominado \u201cFuturo y Retos Internacionales para Quintana Roo\u201d, en el que disert\u00f3 las expectativas de la entidad en materia de:<\/p>\n<p>Inversi\u00f3n, alianzas internacionales, negocios y seguridad.<\/p>\n<p>En su conferencia, Ebrard Casaub\u00f3n, expuso incluso que las narcoseries de Netflix hacen da\u00f1o a la imagen del pa\u00eds.<\/p>\n<p>Acompa\u00f1ado de parte de su gabinete y del gobernador de Quintana Roo, Carlos Joaqu\u00edn, ante empresarios locales.<\/p>\n<p>Ademas que hizo un resumen de sus \u00faltimas giras por China, India, Corea y los Emiratos \u00c1rabes, de las cuales expuso las oportunidades de negocio.<\/p>\n<p>Aunque el primer encuentro era con miembros de la agrupaci\u00f3n \u201cEmpresarios por Quintana Roo\u201d. Donde hubo presencia de l\u00edderes hoteleros, restauranteros, inmobiliarios, turisteros y del ramo de la construcci\u00f3n.<\/p>\n<h4>Con eso se lograron colar simpatizantes y seguidores de Morena, as\u00ed como las alcaldesas de Cozumel e Isla Mujeres, entre otras l\u00edderes.<\/h4>\n<p>Ebrard Casaub\u00f3n expuso que las narcoseries de Netflix hacen da\u00f1o a la imagen del pa\u00eds | Foto: Cortes\u00eda<\/p>\n<p>Los asistentes fueron a respaldar al canciller en su carrera proselitista a la presidencia de la rep\u00fablica.<\/p>\n<p>Aunque se abstuvieron de manifestarle p\u00fablicamente su apoyo en respetaron el protocolo y los c\u00f3digos de conducta.<\/p>\n<p>Ante las peticiones empresariales, el canciller Marcelo Ebrard, se comprometi\u00f3 a encabezar una gira de promoci\u00f3n tur\u00edstica por Estados Unidos.<\/p>\n<p>El cual es principal mercado de turismo de Quintana Roo, e invit\u00f3 a los empresarios locales.<\/p>\n<p>La Riviera Maya dijo, genera m\u00e1s divisas por turismo que la exportaci\u00f3n de crudo.<\/p>\n<p>Aqu\u00ed en el encuentro, empresarios le solicitaron apoyo para traer mano de obra barata de centro am\u00e9rica.<\/p>\n<p>Ante la crisis de mano de obra que existe en la industria hotelera y tur\u00edstica local, as\u00ed como de la construcci\u00f3n.<\/p>\n<p>Entre ellos el otorgar visas de trabajo a los centroamericanos.<\/p>\n<p>El canciller trat\u00f3 de evitar que su agenda y los eventos en Canc\u00fan se politizaran, en este inicio de semana.<\/p>\n<p>Se ha considerado un d\u00eda h\u00e1bil y en el que no pod\u00eda hacer un abierto proselitismo a su campa\u00f1a presidencial.<\/p>\n<p>Ante algunas preguntar con tintes pol\u00edticos electoral, el canciller se limit\u00f3 a responder nos vemos en el 2024.<\/p>\n","protected":false},"excerpt":{"rendered":"<p>Los asistentes fueron a respaldar al canciller en su carrera proselitista a la presidencia de la rep\u00fablica Ebrard se comprometi\u00f3 a encabezar una gira de promoci\u00f3n tur\u00edstica por Estados Unidos, principal mercado de turismo de Quintana Roo El secretario de Relaciones Exteriores, Marcelo Ebrard realiz\u00f3 este lunes una gira de trabajo por Canc\u00fan. Lugar donde [&hellip;]<\/p>\n","protected":false},"author":1,"featured_media":7794,"comment_status":"open","ping_status":"closed","sticky":false,"template":"","format":"standard","meta":{"footnotes":""},"categories":[6,9],"tags":[],"class_list":["post-7792","post","type-post","status-publish","format-standard","has-post-thumbnail","hentry","category-local","category-politica"],"_links":{"self":[{"href":"https:\/\/podernacional.com\/index.php?rest_route=\/wp\/v2\/posts\/7792","targetHints":{"allow":["GET"]}}],"collection":[{"href":"https:\/\/podernacional.com\/index.php?rest_route=\/wp\/v2\/posts"}],"about":[{"href":"https:\/\/podernacional.com\/index.php?rest_route=\/wp\/v2\/types\/post"}],"author":[{"embeddable":true,"href":"https:\/\/podernacional.com\/index.php?rest_route=\/wp\/v2\/users\/1"}],"replies":[{"embeddable":true,"href":"https:\/\/podernacional.com\/index.php?rest_route=%2Fwp%2Fv2%2Fcomments&post=7792"}],"version-history":[{"count":1,"href":"https:\/\/podernacional.com\/index.php?rest_route=\/wp\/v2\/posts\/7792\/revisions"}],"predecessor-version":[{"id":7793,"href":"https:\/\/podernacional.com\/index.php?rest_route=\/wp\/v2\/posts\/7792\/revisions\/7793"}],"wp:featuredmedia":[{"embeddable":true,"href":"https:\/\/podernacional.com\/index.php?rest_route=\/wp\/v2\/media\/7794"}],"wp:attachment":[{"href":"https:\/\/podernacional.com\/index.php?rest_route=%2Fwp%2Fv2%2Fmedia&parent=7792"}],"wp:term":[{"taxonomy":"category","embeddable":true,"href":"https:\/\/podernacional.com\/index.php?rest_route=%2Fwp%2Fv2%2Fcategories&post=7792"},{"taxonomy":"post_tag","embeddable":true,"href":"https:\/\/podernacional.com\/index.php?rest_route=%2Fwp%2Fv2%2Ftags&post=7792"}],"curies":[{"name":"wp","href":"https:\/\/api.w.org\/{rel}","templated":true}]}}