{"id":7795,"date":"2022-07-25T21:14:52","date_gmt":"2022-07-26T02:14:52","guid":{"rendered":"https:\/\/podernacional.com\/?p=7795"},"modified":"2022-07-26T02:14:53","modified_gmt":"2022-07-26T02:14:53","slug":"a-pesar-de-las-demoras-choferes-ignoran-vias-alternas-al-aeropuerto-de-cancun","status":"publish","type":"post","link":"https:\/\/podernacional.com\/?p=7795","title":{"rendered":"A pesar de las demoras, choferes ignoran v\u00edas alternas al aeropuerto de Canc\u00fan"},"content":{"rendered":"<h4>Pocos son los conductores que usan las calles secundarias habilitadas ante las obras de remodelaci\u00f3n.<\/h4>\n<p>Choferes\u00a0 de Canc\u00fan: Ignoran v\u00edas alternas para llegar al aeropuerto de Canc\u00fan.<\/p>\n<p>Las v\u00edas alternas al aeropuerto de Canc\u00fan anunciadas por la Secretar\u00eda de Infraestructura Comunicaciones y Transportes (SCT) para descongestionar el tr\u00e1fico.<\/p>\n<p>Ante las obras de remodelaci\u00f3n del puente, tienen un uso menor al esperado.<\/p>\n<p>Tras un monitoreo de los autos en circulaci\u00f3n en las seis rutas secundarias que conectan el bulevar Colosio con la avenida Huayac\u00e1n.<\/p>\n<p>Los resultados muestran que desde temprano y hasta las 11 horas.<\/p>\n<p>Ademas que la circulaci\u00f3n van desde los cinco a los 20 veh\u00edculos, a pesar de que deber\u00edan ser alrededor de 60 y 70.<\/p>\n<p>El estimado m\u00e1ximo registrado antes del mediod\u00eda puede llegar a duplicarse a partir de las tres de la tarde.<\/p>\n<p>Pero no alcanza un nivel de vialidad acord\u00e9 al promedio.<\/p>\n<p>Esto debido a que, seg\u00fan datos de la medici\u00f3n de tr\u00e1fico en el aeropuerto, los veh\u00edculos registrados que ingresan desde Canc\u00fan o Playa del Carmen.<\/p>\n<p>Se cuentan en un promedio de 500 por minuto, pese a la temporada vacacional de las instituciones sobre la Colosio.<\/p>\n<h4>\u00bfPor qu\u00e9 los automovilistas no usan las v\u00edas alternas al aeropuerto de Canc\u00fan?<\/h4>\n<p>Ante esta situaci\u00f3n, trabajadores de diversas empresas transportistas han se\u00f1alado que las razones por las cuales no se usan las rutas secundarias.<\/p>\n<p>Van desde cuestiones de urgencia de los pasajeros, rutas fijas establecidas o cercan\u00eda de un punto a otro.<\/p>\n<p>El taxista Mario Canch\u00e9 Uc, dijo que a pesar de ir al aeropuerto cada segundo o tercer d\u00eda.<\/p>\n<p>La ruta m\u00e1s accesible para los taxistas es de Huayac\u00e1n a Colosio es la avenida De los Colegios.<\/p>\n<p>Debido a lo cercano del retorno ubicado al final de la avenida 135.<\/p>\n<p>\u201cLas horas donde hay m\u00e1s tr\u00e1fico en esa ruta es de siete a nueve de la ma\u00f1ana\u201d.<\/p>\n<p>\u201cYa\u00a0que al ser rutas frecuentadas por otros conductores toma hasta 30 minutos llegar a la Colosio\u201d.<\/p>\n<p>\u201cLas otras rutas secundarias no se conocen y tampoco se considera prudente usarlas\u201d.<\/p>\n<p>En el caso de los transportistas choferes del ADO, uno de los operadores se\u00f1al\u00f3 que la ruta secundaria de la avenida Huayac\u00e1n hasta la carretera Canc\u00fan-M\u00e9rida.<\/p>\n<p>La cual\u00a0es la \u00fanica que se llega a usar, a lo mucho una vez por semana y s\u00f3lo en caso de alg\u00fan choque vehicular sobre el bulevar.<\/p>\n<p>Las otras no se usan por cuestiones de ruta fija.<\/p>\n<p>Las avenidas De los Colegios y Chapultepec son las que m\u00e1s han registrado vialidad durante la ma\u00f1ana.<\/p>\n<p>Con un promedio de entre cuatro a 20 coches por minuto por ambos sentidos.<\/p>\n<p>La tercera ruta m\u00e1s usada es la avenida Sierra Madre, al contar hasta 12 autos por minuto, y las dem\u00e1s tienen de cuatro a ocho.<\/p>\n<p>Esto deja al bulevar Colosio con aproximadamente 366 veh\u00edculos circulando por minuto en direcci\u00f3n de Canc\u00fan al aeropuerto.<\/p>\n<p>Sin contar a los que van a Tulum o Playa del Carmen hacia la ciudad.<\/p>\n<p>Por ende a\u00a0pesar de las demoras, choferes ignoran v\u00edas alternas al aeropuerto<\/p>\n","protected":false},"excerpt":{"rendered":"<p>Pocos son los conductores que usan las calles secundarias habilitadas ante las obras de remodelaci\u00f3n. Choferes\u00a0 de Canc\u00fan: Ignoran v\u00edas alternas para llegar al aeropuerto de Canc\u00fan. Las v\u00edas alternas al aeropuerto de Canc\u00fan anunciadas por la Secretar\u00eda de Infraestructura Comunicaciones y Transportes (SCT) para descongestionar el tr\u00e1fico. Ante las obras de remodelaci\u00f3n del puente, [&hellip;]<\/p>\n","protected":false},"author":1,"featured_media":7797,"comment_status":"open","ping_status":"closed","sticky":false,"template":"","format":"standard","meta":{"footnotes":""},"categories":[6,10],"tags":[],"class_list":["post-7795","post","type-post","status-publish","format-standard","has-post-thumbnail","hentry","category-local","category-quintana-roo"],"_links":{"self":[{"href":"https:\/\/podernacional.com\/index.php?rest_route=\/wp\/v2\/posts\/7795","targetHints":{"allow":["GET"]}}],"collection":[{"href":"https:\/\/podernacional.com\/index.php?rest_route=\/wp\/v2\/posts"}],"about":[{"href":"https:\/\/podernacional.com\/index.php?rest_route=\/wp\/v2\/types\/post"}],"author":[{"embeddable":true,"href":"https:\/\/podernacional.com\/index.php?rest_route=\/wp\/v2\/users\/1"}],"replies":[{"embeddable":true,"href":"https:\/\/podernacional.com\/index.php?rest_route=%2Fwp%2Fv2%2Fcomments&post=7795"}],"version-history":[{"count":1,"href":"https:\/\/podernacional.com\/index.php?rest_route=\/wp\/v2\/posts\/7795\/revisions"}],"predecessor-version":[{"id":7796,"href":"https:\/\/podernacional.com\/index.php?rest_route=\/wp\/v2\/posts\/7795\/revisions\/7796"}],"wp:featuredmedia":[{"embeddable":true,"href":"https:\/\/podernacional.com\/index.php?rest_route=\/wp\/v2\/media\/7797"}],"wp:attachment":[{"href":"https:\/\/podernacional.com\/index.php?rest_route=%2Fwp%2Fv2%2Fmedia&parent=7795"}],"wp:term":[{"taxonomy":"category","embeddable":true,"href":"https:\/\/podernacional.com\/index.php?rest_route=%2Fwp%2Fv2%2Fcategories&post=7795"},{"taxonomy":"post_tag","embeddable":true,"href":"https:\/\/podernacional.com\/index.php?rest_route=%2Fwp%2Fv2%2Ftags&post=7795"}],"curies":[{"name":"wp","href":"https:\/\/api.w.org\/{rel}","templated":true}]}}