{"id":7801,"date":"2022-07-25T21:36:49","date_gmt":"2022-07-26T02:36:49","guid":{"rendered":"https:\/\/podernacional.com\/?p=7801"},"modified":"2022-07-26T02:36:50","modified_gmt":"2022-07-26T02:36:50","slug":"dialoga-marcelo-ebrard-con-empresarios-de-quintana-roo","status":"publish","type":"post","link":"https:\/\/podernacional.com\/?p=7801","title":{"rendered":"Dialoga Marcelo Ebrard con empresarios de Quintana Roo"},"content":{"rendered":"<h4>Seguridad, promoci\u00f3n tur\u00edstica, industria de armamento y materia energ\u00e9tica, algunos temas de la reuni\u00f3n<\/h4>\n<p>Marcelo Ebrard : L\u00edderes empresariales de Quintana Roo se reunieron este lunes en Canc\u00fan con el canciller Marcelo Ebrard Casaubon.<\/p>\n<p>El cual es\u00a0secretario de Relaciones Exteriores de M\u00e9xico, quien habl\u00f3 sobre Futuro y retos internacionales para Quintana Roo.<\/p>\n<p>Seguridad, promoci\u00f3n tur\u00edstica, industria de armamento y materia energ\u00e9tica fueron algunos de los temas que se abordaron en la reuni\u00f3n.<\/p>\n<p>En la que algunos empresarios tuvieron la oportunidad de externar sus principales preocupaciones, especialmente sobre c\u00f3mo ve el mundo al Caribe Mexicano.<\/p>\n<p>El canciller anunci\u00f3 una gira de promoci\u00f3n tur\u00edstica que realizar\u00e1 por Estados Unidos.<\/p>\n<p>En la que estar\u00e1 en los estados de mayor origen de turistas hacia M\u00e9xico.<\/p>\n<p>\u00abMe parece que va a ser muy importante porque es para cerrar inversi\u00f3n y flujo tur\u00edstico\u201d.<\/p>\n<p>\u201cLa econom\u00eda est\u00e1 creciendo al 16.7 por ciento, el impacto estimado del Tren Maya es enorme\u201d.<\/p>\n<p>\u201cSe piensa que va a ser muy significativo y se ve tambi\u00e9n el dinamismo inmobiliario\u00bb, apunt\u00f3 el titular de la SRE.<\/p>\n<p>Sergio Le\u00f3n Cervantes, presidente del grupo Empresarios por Quintana Roo.<\/p>\n<p>Enfatiz\u00f3 el acercamiento logrado y trabajo en conjunto que se desprender\u00e1 luego de esta reuni\u00f3n.<\/p>\n<h4>Para lo que habr\u00e1 mesas de trabajo para avanzar juntos en diferentes rubros.<\/h4>\n<p>\u00abPara empezar a resolver temas y trabajar en conjunto los diferentes sectores empresariales, las diferentes \u00e1reas\u201d.<\/p>\n<p>Menciona ademas que\u00a0tuvimos hoy representantes empresariales desde Chetumal, hasta Holbox.<\/p>\n<p>Vamos a dar seguimiento y encontrar soluciones en conjunto\u00bb, declar\u00f3 Le\u00f3n Cervantes.<\/p>\n<p>En la reuni\u00f3n estuvo presente el gobernador del estado de Quintana Roo, Carlos Joaqu\u00edn Gonz\u00e1lez.<\/p>\n<p>Quien habl\u00f3 del crecimiento a dos d\u00edgitos desde hace varios a\u00f1os en:<\/p>\n<p>Canc\u00fan, Playa del Carmen, Tulum.<\/p>\n<p>Ahora tambi\u00e9n en Bacalar, adem\u00e1s de anunciar la visita del presidente de M\u00e9xico, Andr\u00e9s Manuel L\u00f3pez Obrador.<\/p>\n<p>Quien estar\u00e1 dando el banderazo al inicio de obras en el bulevar Luis Donaldo Colosio y al puente Nichupt\u00e9 este fin de semana.<\/p>\n<p>Entre los que tomaron la palabra estuvieron el empresario Jos\u00e9 Chapur.<\/p>\n<p>Quien agradeci\u00f3 la visita del canciller por ser quien lleva las relaciones con el mundo para tener un mejor desarrollo.<\/p>\n","protected":false},"excerpt":{"rendered":"<p>Seguridad, promoci\u00f3n tur\u00edstica, industria de armamento y materia energ\u00e9tica, algunos temas de la reuni\u00f3n Marcelo Ebrard : L\u00edderes empresariales de Quintana Roo se reunieron este lunes en Canc\u00fan con el canciller Marcelo Ebrard Casaubon. El cual es\u00a0secretario de Relaciones Exteriores de M\u00e9xico, quien habl\u00f3 sobre Futuro y retos internacionales para Quintana Roo. Seguridad, promoci\u00f3n tur\u00edstica, [&hellip;]<\/p>\n","protected":false},"author":1,"featured_media":7803,"comment_status":"open","ping_status":"closed","sticky":false,"template":"","format":"standard","meta":{"footnotes":""},"categories":[6,10],"tags":[],"class_list":["post-7801","post","type-post","status-publish","format-standard","has-post-thumbnail","hentry","category-local","category-quintana-roo"],"_links":{"self":[{"href":"https:\/\/podernacional.com\/index.php?rest_route=\/wp\/v2\/posts\/7801","targetHints":{"allow":["GET"]}}],"collection":[{"href":"https:\/\/podernacional.com\/index.php?rest_route=\/wp\/v2\/posts"}],"about":[{"href":"https:\/\/podernacional.com\/index.php?rest_route=\/wp\/v2\/types\/post"}],"author":[{"embeddable":true,"href":"https:\/\/podernacional.com\/index.php?rest_route=\/wp\/v2\/users\/1"}],"replies":[{"embeddable":true,"href":"https:\/\/podernacional.com\/index.php?rest_route=%2Fwp%2Fv2%2Fcomments&post=7801"}],"version-history":[{"count":1,"href":"https:\/\/podernacional.com\/index.php?rest_route=\/wp\/v2\/posts\/7801\/revisions"}],"predecessor-version":[{"id":7802,"href":"https:\/\/podernacional.com\/index.php?rest_route=\/wp\/v2\/posts\/7801\/revisions\/7802"}],"wp:featuredmedia":[{"embeddable":true,"href":"https:\/\/podernacional.com\/index.php?rest_route=\/wp\/v2\/media\/7803"}],"wp:attachment":[{"href":"https:\/\/podernacional.com\/index.php?rest_route=%2Fwp%2Fv2%2Fmedia&parent=7801"}],"wp:term":[{"taxonomy":"category","embeddable":true,"href":"https:\/\/podernacional.com\/index.php?rest_route=%2Fwp%2Fv2%2Fcategories&post=7801"},{"taxonomy":"post_tag","embeddable":true,"href":"https:\/\/podernacional.com\/index.php?rest_route=%2Fwp%2Fv2%2Ftags&post=7801"}],"curies":[{"name":"wp","href":"https:\/\/api.w.org\/{rel}","templated":true}]}}