{"id":7804,"date":"2022-07-25T21:42:34","date_gmt":"2022-07-26T02:42:34","guid":{"rendered":"https:\/\/podernacional.com\/?p=7804"},"modified":"2022-07-26T02:42:35","modified_gmt":"2022-07-26T02:42:35","slug":"emite-secretaria-de-salud-acciones-preventivas-ante-la-viruela-simica","status":"publish","type":"post","link":"https:\/\/podernacional.com\/?p=7804","title":{"rendered":"Emite Secretar\u00eda de Salud acciones preventivas ante la Viruela S\u00edmica"},"content":{"rendered":"<h4>En el Estado de Chihuahua no se han registrado casos y a nivel nacional hay 60 casos confirmados.<\/h4>\n<p>Viruela S\u00edmica: Con eso, se recomienda a la poblaci\u00f3n higiene personal y mantenerse atenta a la presencia de s\u00edntomas<\/p>\n<p>El subdirector de Epidemiolog\u00eda de la Secretar\u00eda de Salud, Gumaro Barrios Gallegos.<\/p>\n<p>Indic\u00f3 que la viruela s\u00edmica es una enfermedad viral que afecta principalmente la piel.<\/p>\n<p>Ademas de que\u00a0destac\u00f3 que en el Estado de Chihuahua no se han registrado casos de esta enfermedad.<\/p>\n<p>Explic\u00f3 que a partir del aviso epidemiol\u00f3gico emitido el pasado 24 de julio.<\/p>\n<p>Con esto a\u00a0nivel nacional se han presentado 60 casos confirmados, distribuidos en 11 estados.<\/p>\n<p>Se\u00f1al\u00f3 que los s\u00edntomas se manifiestan por medio de un incremento de:<\/p>\n<p>La temperatura corporal, dolores musculares, de cabeza, en las articulaciones y en la parte inferior de la espalda o en la columna.<\/p>\n<p>As\u00ed como inflamaci\u00f3n de ganglios y cansancio, e indic\u00f3 que la incubaci\u00f3n de este virus tiene un per\u00edodo de hasta 21 d\u00edas.<\/p>\n<p>Ante el riesgo de esta enfermedad, se recomienda reforzar las distintas medidas preventivas que se han tenido hasta ahora.<\/p>\n<p>Como son el lavado frecuente de manos, evitar compartir alimentos y bebidas, as\u00ed como los cubiertos y platos con otras personas.<\/p>\n<p>Puntualiz\u00f3 que en caso de convivir con alguna persona diagnosticada con este padecimiento.<\/p>\n<p>Ademas de que\u00a0se deben extremar cuidados en la higiene personal y lavado de ropa, toallas, utensilios de cocina, s\u00e1banas y otros art\u00edculos.<\/p>\n<p>Sobre todo, indic\u00f3, es muy importante evitar el contacto con las lesiones que presentan las personas afectadas por esta enfermedad.<\/p>\n<p>El funcionario exhort\u00f3 a las y los ciudadanos, que de manifestar alguna sintomatolog\u00eda o que hayan estado en contacto con personas con dicho padecimiento.<\/p>\n<p>A\u00a0que acudan de inmediato a las unidades de salud, y evitar el contacto con otras personas.<\/p>\n<p>Enfatiz\u00f3 que a partir de los lineamientos establecidos en el aviso epidemiol\u00f3gico, la Subdirecci\u00f3n de Epidemiolog\u00eda de la dependencia estatal realiza a diario la vigilancia.<\/p>\n<p>Con el objetivo de prevenir.<\/p>\n<p>En su caso, dar seguimiento puntual y tratamiento oportuno a los casos que puedan presentarse, adem\u00e1s de informar a la comunidad.<\/p>\n","protected":false},"excerpt":{"rendered":"<p>En el Estado de Chihuahua no se han registrado casos y a nivel nacional hay 60 casos confirmados. Viruela S\u00edmica: Con eso, se recomienda a la poblaci\u00f3n higiene personal y mantenerse atenta a la presencia de s\u00edntomas El subdirector de Epidemiolog\u00eda de la Secretar\u00eda de Salud, Gumaro Barrios Gallegos. Indic\u00f3 que la viruela s\u00edmica es [&hellip;]<\/p>\n","protected":false},"author":1,"featured_media":7806,"comment_status":"open","ping_status":"closed","sticky":false,"template":"","format":"standard","meta":{"footnotes":""},"categories":[7,11],"tags":[],"class_list":["post-7804","post","type-post","status-publish","format-standard","has-post-thumbnail","hentry","category-nacional","category-salud"],"_links":{"self":[{"href":"https:\/\/podernacional.com\/index.php?rest_route=\/wp\/v2\/posts\/7804","targetHints":{"allow":["GET"]}}],"collection":[{"href":"https:\/\/podernacional.com\/index.php?rest_route=\/wp\/v2\/posts"}],"about":[{"href":"https:\/\/podernacional.com\/index.php?rest_route=\/wp\/v2\/types\/post"}],"author":[{"embeddable":true,"href":"https:\/\/podernacional.com\/index.php?rest_route=\/wp\/v2\/users\/1"}],"replies":[{"embeddable":true,"href":"https:\/\/podernacional.com\/index.php?rest_route=%2Fwp%2Fv2%2Fcomments&post=7804"}],"version-history":[{"count":1,"href":"https:\/\/podernacional.com\/index.php?rest_route=\/wp\/v2\/posts\/7804\/revisions"}],"predecessor-version":[{"id":7805,"href":"https:\/\/podernacional.com\/index.php?rest_route=\/wp\/v2\/posts\/7804\/revisions\/7805"}],"wp:featuredmedia":[{"embeddable":true,"href":"https:\/\/podernacional.com\/index.php?rest_route=\/wp\/v2\/media\/7806"}],"wp:attachment":[{"href":"https:\/\/podernacional.com\/index.php?rest_route=%2Fwp%2Fv2%2Fmedia&parent=7804"}],"wp:term":[{"taxonomy":"category","embeddable":true,"href":"https:\/\/podernacional.com\/index.php?rest_route=%2Fwp%2Fv2%2Fcategories&post=7804"},{"taxonomy":"post_tag","embeddable":true,"href":"https:\/\/podernacional.com\/index.php?rest_route=%2Fwp%2Fv2%2Ftags&post=7804"}],"curies":[{"name":"wp","href":"https:\/\/api.w.org\/{rel}","templated":true}]}}