{"id":7807,"date":"2022-07-25T21:47:53","date_gmt":"2022-07-26T02:47:53","guid":{"rendered":"https:\/\/podernacional.com\/?p=7807"},"modified":"2022-07-26T02:47:54","modified_gmt":"2022-07-26T02:47:54","slug":"detona-tecnologia-espacial-desarrollo-social","status":"publish","type":"post","link":"https:\/\/podernacional.com\/?p=7807","title":{"rendered":"Detona tecnolog\u00eda espacial desarrollo social"},"content":{"rendered":"<h4>El pa\u00eds debe aprovechar las ventajas en estas \u00e1reas de investigaci\u00f3n: Landeros<\/h4>\n<p>Tecnolog\u00eda espacial: Impulsar y aprovechar la tecnolog\u00eda espacial contribuye a la transformaci\u00f3n digital, a la conectividad y a la inclusi\u00f3n social de nuestro pa\u00eds.<\/p>\n<p>Adem\u00e1s de que acelera el crecimiento econ\u00f3mico, impulsa la industria, la infraestructura y permite un desarrollo tecnol\u00f3gico propio.<\/p>\n<p>Con eso\u00a0asegur\u00f3 Salvador Landeros Ayala, director general de <a href=\"https:\/\/www.gob.mx\/aem\">Agencia Espacial Mexicana<\/a> (AEM).<\/p>\n<p>Aunque tambi\u00e9n apunt\u00f3 que existen grandes riesgos, cada vez mayores, sobre los recursos h\u00eddricos.<\/p>\n<p>\u201cIncluidos el crecimiento de la poblaci\u00f3n, el cambio clim\u00e1tico, la contaminaci\u00f3n de los oc\u00e9anos, las capas de la atm\u00f3sfera\u201d.<\/p>\n<p>\u201cAdemas con\u00a0junto con la demanda de alimentos y energ\u00eda\u201d.<\/p>\n<p>Por ello, indic\u00f3 que la AEM redobla esfuerzos en la formaci\u00f3n de capital humano especializado para transformar a M\u00e9xico en un pa\u00eds.<\/p>\n<p>Con actividades cient\u00edficas y desarrollos tecnol\u00f3gicos espaciales de clase internacional, orientados a la atenci\u00f3n de las necesidades sociales.<\/p>\n<h4>Durante su participaci\u00f3n en el foro:<\/h4>\n<p>\u201cEl papel de la tecnolog\u00eda en el desarrollo nacional: presente y futuro de M\u00e9xico\u201d, organizado por el Senado de la Rep\u00fablica,<\/p>\n<p>Ademas sostuvo que:<\/p>\n<p>\u201cImpulsar y aprovechar ciencia y tecnolog\u00eda para la transformaci\u00f3n del pa\u00eds es de la mayor trascendencia\u201d.<\/p>\n<p>\u201cSe puede reducir la desigualdad y acelerar el crecimiento econ\u00f3mico impulsando industria, infraestructura\u201d.<\/p>\n<p>Por ende, \u201cSobre todo, un desarrollo tecnol\u00f3gico propio que nos permita mayor autonom\u00eda, autodeterminaci\u00f3n, independencia tecnol\u00f3gica y soberan\u00eda\u201d.<\/p>\n","protected":false},"excerpt":{"rendered":"<p>El pa\u00eds debe aprovechar las ventajas en estas \u00e1reas de investigaci\u00f3n: Landeros Tecnolog\u00eda espacial: Impulsar y aprovechar la tecnolog\u00eda espacial contribuye a la transformaci\u00f3n digital, a la conectividad y a la inclusi\u00f3n social de nuestro pa\u00eds. Adem\u00e1s de que acelera el crecimiento econ\u00f3mico, impulsa la industria, la infraestructura y permite un desarrollo tecnol\u00f3gico propio. Con [&hellip;]<\/p>\n","protected":false},"author":1,"featured_media":7809,"comment_status":"open","ping_status":"closed","sticky":false,"template":"","format":"standard","meta":{"footnotes":""},"categories":[5,13],"tags":[],"class_list":["post-7807","post","type-post","status-publish","format-standard","has-post-thumbnail","hentry","category-internacional","category-tecnologia"],"_links":{"self":[{"href":"https:\/\/podernacional.com\/index.php?rest_route=\/wp\/v2\/posts\/7807","targetHints":{"allow":["GET"]}}],"collection":[{"href":"https:\/\/podernacional.com\/index.php?rest_route=\/wp\/v2\/posts"}],"about":[{"href":"https:\/\/podernacional.com\/index.php?rest_route=\/wp\/v2\/types\/post"}],"author":[{"embeddable":true,"href":"https:\/\/podernacional.com\/index.php?rest_route=\/wp\/v2\/users\/1"}],"replies":[{"embeddable":true,"href":"https:\/\/podernacional.com\/index.php?rest_route=%2Fwp%2Fv2%2Fcomments&post=7807"}],"version-history":[{"count":1,"href":"https:\/\/podernacional.com\/index.php?rest_route=\/wp\/v2\/posts\/7807\/revisions"}],"predecessor-version":[{"id":7808,"href":"https:\/\/podernacional.com\/index.php?rest_route=\/wp\/v2\/posts\/7807\/revisions\/7808"}],"wp:featuredmedia":[{"embeddable":true,"href":"https:\/\/podernacional.com\/index.php?rest_route=\/wp\/v2\/media\/7809"}],"wp:attachment":[{"href":"https:\/\/podernacional.com\/index.php?rest_route=%2Fwp%2Fv2%2Fmedia&parent=7807"}],"wp:term":[{"taxonomy":"category","embeddable":true,"href":"https:\/\/podernacional.com\/index.php?rest_route=%2Fwp%2Fv2%2Fcategories&post=7807"},{"taxonomy":"post_tag","embeddable":true,"href":"https:\/\/podernacional.com\/index.php?rest_route=%2Fwp%2Fv2%2Ftags&post=7807"}],"curies":[{"name":"wp","href":"https:\/\/api.w.org\/{rel}","templated":true}]}}