{"id":7813,"date":"2022-07-26T20:03:44","date_gmt":"2022-07-27T01:03:44","guid":{"rendered":"https:\/\/podernacional.com\/?p=7813"},"modified":"2022-07-27T01:03:45","modified_gmt":"2022-07-27T01:03:45","slug":"alista-cultura-novena-edicion-del-festival-de-artes-circenses","status":"publish","type":"post","link":"https:\/\/podernacional.com\/?p=7813","title":{"rendered":"Alista Cultura novena edici\u00f3n del \u201cFestival de Artes Circenses\u201d"},"content":{"rendered":"<h4>El 30 y 31 de julio, la dependencia realizar\u00e1 conferencias, talleres y espect\u00e1culos circenses<\/h4>\n<p>\u201cFestival de Artes Circenses\u201d: Las sedes ser\u00e1n la Casa de la Cultura, Talleres de Iniciaci\u00f3n Art\u00edstica, el z\u00f3calo y Teatro de la Ciudad<\/p>\n<p>CIUDAD DE PUEBLA, Pue.- Del 30 y 31 de julio,<a href=\"https:\/\/www.gob.mx\/cultura\"> la Secretar\u00eda de Cultura<\/a> realizar\u00e1 la novena edici\u00f3n del \u201cFestival de Artes Circenses\u201d (FAC).<\/p>\n<p>Tendr\u00e1 diveras y variadas\u00a0conferencias, talleres y presentaciones art\u00edsticas en cuatro diferentes sedes.<\/p>\n<p>La dependencia llevar\u00e1 a cabo alrededor de 20 eventos de artes circenses a cargo de artistas poblanos con impacto nacional e internacional.<\/p>\n<p>Ademas de entre los que destacan los Maromeros de Cuantinch\u00e1n con la presentaci\u00f3n de<\/p>\n<p>\u201cEl juego de la maroma\u201d, un espect\u00e1culo que antecede al circo tradicional practicado por comunidades ind\u00edgenas.<\/p>\n<p>Adem\u00e1s, el programa contempla las conferencias \u201cEl abismo entre el payaso y el clown\u201d y \u201cCirco Contempor\u00e1neo\u201d.<\/p>\n<p>As\u00ed como talleres de zancos, globoflexia y malabares y equilibrio. Todas las actividades son gratuitas.<\/p>\n<p>La dependencia realiza este festival en conjunto con la Comunidad de Artes Circenses del Estado de Puebla en la Casa de la Cultura.<\/p>\n<p>Entonces, el \u201cProfesor Pedro \u00c1ngel Palou P\u00e9rez\u201d (5 Oriente n\u00famero 5), las instalaciones de Talleres de Iniciaci\u00f3n Art\u00edstica (7 Oriente n\u00famero 2).<\/p>\n<p>As\u00ed como del z\u00f3calo y el Teatro de la Ciudad (Juan de Palafox y Mendoza n\u00famero 14).<\/p>\n<p>La programaci\u00f3n completa est\u00e1 disponible en el sitio oficial de la Secretar\u00eda de Cultura: sc.puebla.gob.mx o en la p\u00e1gina de Facebook @FacFac.<\/p>\n<p>\u00a1Si tienes ganas de disfrutar y divertirte en familia este fin de semana, entonces \u00abTienes Ganas de Puebla\u201d!<\/p>\n<p>Por ende, se alista a la Cultura de novena edici\u00f3n del \u201cFestival de Artes Circenses\u201d<\/p>\n","protected":false},"excerpt":{"rendered":"<p>El 30 y 31 de julio, la dependencia realizar\u00e1 conferencias, talleres y espect\u00e1culos circenses \u201cFestival de Artes Circenses\u201d: Las sedes ser\u00e1n la Casa de la Cultura, Talleres de Iniciaci\u00f3n Art\u00edstica, el z\u00f3calo y Teatro de la Ciudad CIUDAD DE PUEBLA, Pue.- Del 30 y 31 de julio, la Secretar\u00eda de Cultura realizar\u00e1 la novena edici\u00f3n [&hellip;]<\/p>\n","protected":false},"author":1,"featured_media":7815,"comment_status":"open","ping_status":"closed","sticky":false,"template":"","format":"standard","meta":{"footnotes":""},"categories":[2,7],"tags":[],"class_list":["post-7813","post","type-post","status-publish","format-standard","has-post-thumbnail","hentry","category-cultural","category-nacional"],"_links":{"self":[{"href":"https:\/\/podernacional.com\/index.php?rest_route=\/wp\/v2\/posts\/7813","targetHints":{"allow":["GET"]}}],"collection":[{"href":"https:\/\/podernacional.com\/index.php?rest_route=\/wp\/v2\/posts"}],"about":[{"href":"https:\/\/podernacional.com\/index.php?rest_route=\/wp\/v2\/types\/post"}],"author":[{"embeddable":true,"href":"https:\/\/podernacional.com\/index.php?rest_route=\/wp\/v2\/users\/1"}],"replies":[{"embeddable":true,"href":"https:\/\/podernacional.com\/index.php?rest_route=%2Fwp%2Fv2%2Fcomments&post=7813"}],"version-history":[{"count":1,"href":"https:\/\/podernacional.com\/index.php?rest_route=\/wp\/v2\/posts\/7813\/revisions"}],"predecessor-version":[{"id":7814,"href":"https:\/\/podernacional.com\/index.php?rest_route=\/wp\/v2\/posts\/7813\/revisions\/7814"}],"wp:featuredmedia":[{"embeddable":true,"href":"https:\/\/podernacional.com\/index.php?rest_route=\/wp\/v2\/media\/7815"}],"wp:attachment":[{"href":"https:\/\/podernacional.com\/index.php?rest_route=%2Fwp%2Fv2%2Fmedia&parent=7813"}],"wp:term":[{"taxonomy":"category","embeddable":true,"href":"https:\/\/podernacional.com\/index.php?rest_route=%2Fwp%2Fv2%2Fcategories&post=7813"},{"taxonomy":"post_tag","embeddable":true,"href":"https:\/\/podernacional.com\/index.php?rest_route=%2Fwp%2Fv2%2Ftags&post=7813"}],"curies":[{"name":"wp","href":"https:\/\/api.w.org\/{rel}","templated":true}]}}