{"id":7819,"date":"2022-07-26T20:50:46","date_gmt":"2022-07-27T01:50:46","guid":{"rendered":"https:\/\/podernacional.com\/?p=7819"},"modified":"2022-07-27T01:50:47","modified_gmt":"2022-07-27T01:50:47","slug":"jazmin-pinedo-celebra-sintonia-de-espectaculos-agradecida-con-el-respaldo-del-publico","status":"publish","type":"post","link":"https:\/\/podernacional.com\/?p=7819","title":{"rendered":"Jazm\u00edn Pinedo celebra sinton\u00eda de \u201c+Espect\u00e1culos\u201d: \u201cAgradecida con el respaldo del p\u00fablico\u201d"},"content":{"rendered":"<h4>La popular \u2018chinita\u2019 y su compa\u00f1ero en la conducci\u00f3n Jaime \u2018Choca\u2019 Mandros.<\/h4>\n<p>Jazm\u00edn Pinedo: Ha logrado que el espacio que conducen sea uno de los m\u00e1s visto de las ma\u00f1anas.<\/p>\n<p>Jazm\u00edn Pinedo celebra sinton\u00eda de \u201c+Espect\u00e1culos\u201d.<\/p>\n<p>A casi dos meses de su regreso a la pantalla chica, Jazm\u00edn Pinedo se mostr\u00f3 agradecida con el p\u00fablico por el respaldo cada ma\u00f1ana a \u201c+Espect\u00e1culos\u201d.<\/p>\n<p>Ademas que sigue como el programa m\u00e1s visto en su horario.<\/p>\n<p>Muestra de ello es que el espacio de entrenamiento que conduce la \u2018chinita\u2019 obtuvo 5.7 puntos de rating el \u00faltimo viernes por la ma\u00f1ana.<\/p>\n<p>Con esas cifras, volvi\u00f3 a superar a \u201cArriba Mi Gente\u201d de Latina (3.4).<\/p>\n<p>Sin duda, Jazm\u00edn Pinedo y su compa\u00f1ero en la conducci\u00f3n Jaime \u2018Choca\u2019 Mandros.<\/p>\n<p>Se han\u00a0consolidado\u00a0con el programa que ya es el favorito de las amas de casa.<\/p>\n<p>\u201cEstoy muy feliz y agradecida con el p\u00fablico porque nos da su respaldo\u201d, dijo.<\/p>\n<p>\u201cNosotros damos lo mejor para llevar entretenimiento, sobre todo a las amas de casas.<\/p>\n<p>As\u00ed que seguiremos con m\u00e1s novedades, nadie me detiene\u201d, agreg\u00f3 la presentadora y exchica reality.<\/p>\n<p>En esta nueva propuesta, Pinedo tambi\u00e9n hace entrevistas a personajes famosos nacionales e internacionales.<\/p>\n<p>Ya tuvo encuentro televisivo con Christian Meier, Jefferson Farf\u00e1n, Luis Fonsi y varios artista m\u00e1s.<\/p>\n<p>De otro lado, Pinedo comparti\u00f3 con sus seguidores de Instagram una importante noticia sobre sus estudios.<\/p>\n<p>\u201cTermin\u00e9 un ciclo m\u00e1s (uno de los m\u00e1s complicados, no es f\u00e1cil hacer varias cosas al mismo tiempo, pero cr\u00e9anme no es imposible)\u201d, refiri\u00f3.<\/p>\n<p>Adem\u00e1s, se mostr\u00f3 emocionada al contar que ya est\u00e1 instalada en su nuevo departamento. \u201cOficialmente mud\u00e9 a mi nueva casita.<\/p>\n<p>Estoy agotada, pero tan contenta y motivada\u201d, coment\u00f3.<\/p>\n<p>As\u00ed como, Jazm\u00edn Pinedo cuestiona a Melissa Paredes y Rodrigo Cuba: \u201cHay que priorizar a los hijos\u201d.<\/p>\n<p>Jazm\u00edn Pinedo recuerda discusi\u00f3n con Johanna San Miguel en EEG: \u201cTengo un car\u00e1cter fuerte\u201d<\/p>\n","protected":false},"excerpt":{"rendered":"<p>La popular \u2018chinita\u2019 y su compa\u00f1ero en la conducci\u00f3n Jaime \u2018Choca\u2019 Mandros. Jazm\u00edn Pinedo: Ha logrado que el espacio que conducen sea uno de los m\u00e1s visto de las ma\u00f1anas. Jazm\u00edn Pinedo celebra sinton\u00eda de \u201c+Espect\u00e1culos\u201d. A casi dos meses de su regreso a la pantalla chica, Jazm\u00edn Pinedo se mostr\u00f3 agradecida con el p\u00fablico [&hellip;]<\/p>\n","protected":false},"author":1,"featured_media":7821,"comment_status":"open","ping_status":"closed","sticky":false,"template":"","format":"standard","meta":{"footnotes":""},"categories":[4,5],"tags":[],"class_list":["post-7819","post","type-post","status-publish","format-standard","has-post-thumbnail","hentry","category-espectaculos","category-internacional"],"_links":{"self":[{"href":"https:\/\/podernacional.com\/index.php?rest_route=\/wp\/v2\/posts\/7819","targetHints":{"allow":["GET"]}}],"collection":[{"href":"https:\/\/podernacional.com\/index.php?rest_route=\/wp\/v2\/posts"}],"about":[{"href":"https:\/\/podernacional.com\/index.php?rest_route=\/wp\/v2\/types\/post"}],"author":[{"embeddable":true,"href":"https:\/\/podernacional.com\/index.php?rest_route=\/wp\/v2\/users\/1"}],"replies":[{"embeddable":true,"href":"https:\/\/podernacional.com\/index.php?rest_route=%2Fwp%2Fv2%2Fcomments&post=7819"}],"version-history":[{"count":1,"href":"https:\/\/podernacional.com\/index.php?rest_route=\/wp\/v2\/posts\/7819\/revisions"}],"predecessor-version":[{"id":7820,"href":"https:\/\/podernacional.com\/index.php?rest_route=\/wp\/v2\/posts\/7819\/revisions\/7820"}],"wp:featuredmedia":[{"embeddable":true,"href":"https:\/\/podernacional.com\/index.php?rest_route=\/wp\/v2\/media\/7821"}],"wp:attachment":[{"href":"https:\/\/podernacional.com\/index.php?rest_route=%2Fwp%2Fv2%2Fmedia&parent=7819"}],"wp:term":[{"taxonomy":"category","embeddable":true,"href":"https:\/\/podernacional.com\/index.php?rest_route=%2Fwp%2Fv2%2Fcategories&post=7819"},{"taxonomy":"post_tag","embeddable":true,"href":"https:\/\/podernacional.com\/index.php?rest_route=%2Fwp%2Fv2%2Ftags&post=7819"}],"curies":[{"name":"wp","href":"https:\/\/api.w.org\/{rel}","templated":true}]}}