{"id":7825,"date":"2022-07-26T21:00:56","date_gmt":"2022-07-27T02:00:56","guid":{"rendered":"https:\/\/podernacional.com\/?p=7825"},"modified":"2022-07-27T02:00:58","modified_gmt":"2022-07-27T02:00:58","slug":"inauguran-conalep-iv-de-cancun","status":"publish","type":"post","link":"https:\/\/podernacional.com\/?p=7825","title":{"rendered":"Inauguran CONALEP IV de Canc\u00fan"},"content":{"rendered":"<h4>Est\u00e1 por concluir la actual administraci\u00f3n estatal.<\/h4>\n<p>CONALEP IV : Pero antes se realizan las entregas de proyectos que est\u00e1n pendientes por inaugurar como es el caso del Conalep IV de Canc\u00fan.<\/p>\n<p>Y es que, este martes 26 de julio se llev\u00f3 a cabo la inauguraci\u00f3n de esta escuela por parte de autoridades de los tres \u00f3rdenes de gobierno.<\/p>\n<p>Que viene a beneficiar a 680 alumnos, inform\u00f3 el IFEQROO; dependencia encargada del proyecto.<\/p>\n<p>Esta obra fue construida por el gobierno del Estado, a trav\u00e9s del programa Fondo de Aportaci\u00f3n M\u00faltiple (FAM Potenciado).<\/p>\n<p>Ademas con una inversi\u00f3n de 76 millones 259 mil 528 pesos para la edificaci\u00f3n y equipamiento de la Primera Etapa de este nuevo colegio.<\/p>\n<p>As\u00ed que cuenta con siete edificios y en donde actualmente los alumnos recibir\u00e1n sus clases y pr\u00e1cticas profesionales de los conocimientos adquiridos.<\/p>\n<p>Adem\u00e1s de la comodidad del personal administrativo.<\/p>\n<p>En el edificio \u201cA\u201d est\u00e1n las \u00e1reas administrativas, en el \u201cB\u201d, seis aulas did\u00e1cticas y servicios sanitarios.<\/p>\n<p>En el \u201cD\u201d, en su planta baja tiene una bodega, sala de maestros, taller de capacitaci\u00f3n administrativa y laboratorio de inform\u00e1tica en red y en planta alta.<\/p>\n<p>Por ende, cuenta con aula inform\u00e1tica para AutoCAD y un laboratorio de idiomas.<\/p>\n<p>En los edificios \u201cF\u201d,\u201dH\u201d,\u201dI\u201d as\u00ed como \u201cK\u201d, est\u00e1n el taller de centro de preparaci\u00f3n de alimentos y bebidas.<\/p>\n<p>Ademas de un laboratorio de evaluaci\u00f3n nutricional y dietolog\u00eda; taller de construcci\u00f3n urbana y pesada; as\u00ed como taller de corte y soldadura respectivamente.<\/p>\n<p>De igual manera, la escuela est\u00e1 equipada con 867 metros lineales de barda perimetral, andadores, p\u00f3rtico, estacionamiento.<\/p>\n<p>As\u00ed como de vialidad de acceso y dos trasformadores de energ\u00eda el\u00e9ctrica.<\/p>\n<p>La superficie total construida s\u00f3lo en edificaci\u00f3n es de 2 mil 668.8 metros cuadrados en un \u00e1rea de terreno de 22 mil 046.46 metros cuadrados.<\/p>\n<p>\u201cLa inversi\u00f3n del gobierno del estado fue de 51 millones 742 mil 827 pesos\u201d.<\/p>\n<p>\u201cEn obra civil y 24 millones 516 mil 701 pesos en equipamiento\u201d, apunt\u00f3 la dependencia.<\/p>\n<p>Resalt\u00f3 tambi\u00e9n que el plantel Conalep IV, es una de las obras m\u00e1s importante en los \u00faltimos 10 a\u00f1os a nivel medio superior en el pa\u00eds.<\/p>\n<p>Ya que cuenta con \u00e1reas administrativas y equipamiento completo en aulas, talleres y laboratorios.<\/p>\n<p>&nbsp;<\/p>\n","protected":false},"excerpt":{"rendered":"<p>Est\u00e1 por concluir la actual administraci\u00f3n estatal. CONALEP IV : Pero antes se realizan las entregas de proyectos que est\u00e1n pendientes por inaugurar como es el caso del Conalep IV de Canc\u00fan. Y es que, este martes 26 de julio se llev\u00f3 a cabo la inauguraci\u00f3n de esta escuela por parte de autoridades de los [&hellip;]<\/p>\n","protected":false},"author":1,"featured_media":7827,"comment_status":"open","ping_status":"closed","sticky":false,"template":"","format":"standard","meta":{"footnotes":""},"categories":[6,10],"tags":[],"class_list":["post-7825","post","type-post","status-publish","format-standard","has-post-thumbnail","hentry","category-local","category-quintana-roo"],"_links":{"self":[{"href":"https:\/\/podernacional.com\/index.php?rest_route=\/wp\/v2\/posts\/7825","targetHints":{"allow":["GET"]}}],"collection":[{"href":"https:\/\/podernacional.com\/index.php?rest_route=\/wp\/v2\/posts"}],"about":[{"href":"https:\/\/podernacional.com\/index.php?rest_route=\/wp\/v2\/types\/post"}],"author":[{"embeddable":true,"href":"https:\/\/podernacional.com\/index.php?rest_route=\/wp\/v2\/users\/1"}],"replies":[{"embeddable":true,"href":"https:\/\/podernacional.com\/index.php?rest_route=%2Fwp%2Fv2%2Fcomments&post=7825"}],"version-history":[{"count":1,"href":"https:\/\/podernacional.com\/index.php?rest_route=\/wp\/v2\/posts\/7825\/revisions"}],"predecessor-version":[{"id":7826,"href":"https:\/\/podernacional.com\/index.php?rest_route=\/wp\/v2\/posts\/7825\/revisions\/7826"}],"wp:featuredmedia":[{"embeddable":true,"href":"https:\/\/podernacional.com\/index.php?rest_route=\/wp\/v2\/media\/7827"}],"wp:attachment":[{"href":"https:\/\/podernacional.com\/index.php?rest_route=%2Fwp%2Fv2%2Fmedia&parent=7825"}],"wp:term":[{"taxonomy":"category","embeddable":true,"href":"https:\/\/podernacional.com\/index.php?rest_route=%2Fwp%2Fv2%2Fcategories&post=7825"},{"taxonomy":"post_tag","embeddable":true,"href":"https:\/\/podernacional.com\/index.php?rest_route=%2Fwp%2Fv2%2Ftags&post=7825"}],"curies":[{"name":"wp","href":"https:\/\/api.w.org\/{rel}","templated":true}]}}