{"id":7834,"date":"2022-07-26T21:31:07","date_gmt":"2022-07-27T02:31:07","guid":{"rendered":"https:\/\/podernacional.com\/?p=7834"},"modified":"2022-07-27T02:31:08","modified_gmt":"2022-07-27T02:31:08","slug":"buscan-mas-deporte-profesional-para-zacatecas","status":"publish","type":"post","link":"https:\/\/podernacional.com\/?p=7834","title":{"rendered":"Buscan m\u00e1s deporte profesional para Zacatecas"},"content":{"rendered":"<h4>EN ZACATECAS.- Est\u00e1n en la busca de tener equipos profesionales de voleibol y b\u00e9isbol.<\/h4>\n<p>Buscan m\u00e1s deporte profesional: Fue afirmado por Javier N\u00fa\u00f1ez Orozco, director del <a href=\"https:\/\/www.oaxaca.gob.mx\/incude\/\">Instituto de Cultura F\u00edsica y Deporte<\/a> del Estado de Zacatecas (Incufidez).<\/p>\n<p>El funcionario declar\u00f3 a Pasi\u00f3n NTR que los equipos profesionales que residen en el estado como:<\/p>\n<p>Plateros de Fresnillo, Mineros de Baloncesto y Mineros de Futbol, contribuyen a que m\u00e1s zacatecanos se acerquen al deporte.<\/p>\n<p>\u201cHemos buscado una liga profesional de voleibol o de b\u00e9isbol, y ya estamos en pl\u00e1ticas con empresarios para poder amalgamar esta clase de proyectos\u201d.<\/p>\n<p>Sobre el proyecto de un estadio de b\u00e9isbol en la capital que ya se hab\u00eda planteado en la administraci\u00f3n estatal pasada.<\/p>\n<p>Ademas que precis\u00f3 que esta en pausa.<\/p>\n<p>Ya que ademas, se tienen que solventar los recursos otorgados por parte de la Comisi\u00f3n Nacional de Cultura F\u00edsica y Deporte (Conade).<\/p>\n<p>Con esto buscan el para poder acceder a proyectos de infraestructura.<\/p>\n<p>\u201cPr\u00e1cticamente ya solo son 3 municipios, pero ya se desatoraron todos los dem\u00e1s que estaban en esta condici\u00f3n\u201d.<\/p>\n<p>\u201cTambi\u00e9n uno de ellos Fresnillo y la Universidad Aut\u00f3noma de Zacatecas (UAZ)\u201d.<\/p>\n<p>Anteriormente la Conade fren\u00f3 el flujo de recursos para infraestructura deportiva para Zacatecas por algunas observaciones.<\/p>\n<p>Pero sin embargo, Nu\u00f1ez Orozco no precis\u00f3 cu\u00e1nto es lo que falta de solventar, ni los otros municipios que faltan de solventar.<\/p>\n<p>Por ende, Zacatecas est\u00e1 buscan de m\u00e1s deporte profesional<\/p>\n<p>&nbsp;<\/p>\n","protected":false},"excerpt":{"rendered":"<p>EN ZACATECAS.- Est\u00e1n en la busca de tener equipos profesionales de voleibol y b\u00e9isbol. Buscan m\u00e1s deporte profesional: Fue afirmado por Javier N\u00fa\u00f1ez Orozco, director del Instituto de Cultura F\u00edsica y Deporte del Estado de Zacatecas (Incufidez). El funcionario declar\u00f3 a Pasi\u00f3n NTR que los equipos profesionales que residen en el estado como: Plateros de [&hellip;]<\/p>\n","protected":false},"author":1,"featured_media":7836,"comment_status":"open","ping_status":"closed","sticky":false,"template":"","format":"standard","meta":{"footnotes":""},"categories":[3,7],"tags":[],"class_list":["post-7834","post","type-post","status-publish","format-standard","has-post-thumbnail","hentry","category-deportes","category-nacional"],"_links":{"self":[{"href":"https:\/\/podernacional.com\/index.php?rest_route=\/wp\/v2\/posts\/7834","targetHints":{"allow":["GET"]}}],"collection":[{"href":"https:\/\/podernacional.com\/index.php?rest_route=\/wp\/v2\/posts"}],"about":[{"href":"https:\/\/podernacional.com\/index.php?rest_route=\/wp\/v2\/types\/post"}],"author":[{"embeddable":true,"href":"https:\/\/podernacional.com\/index.php?rest_route=\/wp\/v2\/users\/1"}],"replies":[{"embeddable":true,"href":"https:\/\/podernacional.com\/index.php?rest_route=%2Fwp%2Fv2%2Fcomments&post=7834"}],"version-history":[{"count":1,"href":"https:\/\/podernacional.com\/index.php?rest_route=\/wp\/v2\/posts\/7834\/revisions"}],"predecessor-version":[{"id":7835,"href":"https:\/\/podernacional.com\/index.php?rest_route=\/wp\/v2\/posts\/7834\/revisions\/7835"}],"wp:featuredmedia":[{"embeddable":true,"href":"https:\/\/podernacional.com\/index.php?rest_route=\/wp\/v2\/media\/7836"}],"wp:attachment":[{"href":"https:\/\/podernacional.com\/index.php?rest_route=%2Fwp%2Fv2%2Fmedia&parent=7834"}],"wp:term":[{"taxonomy":"category","embeddable":true,"href":"https:\/\/podernacional.com\/index.php?rest_route=%2Fwp%2Fv2%2Fcategories&post=7834"},{"taxonomy":"post_tag","embeddable":true,"href":"https:\/\/podernacional.com\/index.php?rest_route=%2Fwp%2Fv2%2Ftags&post=7834"}],"curies":[{"name":"wp","href":"https:\/\/api.w.org\/{rel}","templated":true}]}}