{"id":7840,"date":"2022-07-26T21:43:57","date_gmt":"2022-07-27T02:43:57","guid":{"rendered":"https:\/\/podernacional.com\/?p=7840"},"modified":"2022-07-27T02:43:58","modified_gmt":"2022-07-27T02:43:58","slug":"boom-turistico-en-quintana-roo-2022-sin-temporada-baja","status":"publish","type":"post","link":"https:\/\/podernacional.com\/?p=7840","title":{"rendered":"Boom tur\u00edstico en Quintana Roo: 2022 sin temporada baja"},"content":{"rendered":"<h4>El segundo semestre de 2022 ser\u00e1 hist\u00f3rico para Quintana Roo al anticipar.<\/h4>\n<p>Boom tur\u00edstico: Todo esto con base en reservaciones, que no habr\u00e1 temporada baja y los destinos del Caribe Mexicano operar\u00e1n al tope de ocupaci\u00f3n<\/p>\n<p>Turistas nacionales y extranjeros en Canc\u00fan, Quintana Roo<\/p>\n<p>El segundo semestre de 2022 ser\u00e1 hist\u00f3rico para Quintana Roo al anticipar.<\/p>\n<p>Todo ademas de tener bases en reservaciones, que no habr\u00e1 temporada baja y los destinos del Caribe Mexicano operar\u00e1n al tope de ocupaci\u00f3n.<\/p>\n<p>El Caribe Mexicano aumenta la conectividad a\u00e9rea con Europa<\/p>\n<p>Boom tur\u00edstico en Quintana Roo: 2022 sin temporada baja<\/p>\n<p>En 2021, el<a href=\"https:\/\/es.cancun-airport.net\/\"> aeropuerto de Canc\u00fan<\/a> se coloc\u00f3 en el top 10 con m\u00e1s tr\u00e1fico internacional<\/p>\n<h4>En el primer fin de semana de las vacaciones de verano las principales playas p\u00fablicas de Canc\u00fan.<\/h4>\n<p>Estuvieron casi al tope de turistas nacionales y extranjeros.<\/p>\n<p>Se menciona que diversos turistas nacionales y extranjeros en Canc\u00fan, Quintana Roo.<\/p>\n<p>Para esta temporada de verano, que inici\u00f3 el viernes 22 de julio y termina el domingo 28 de agosto.<\/p>\n<p>Ademas Canc\u00fan, Isla Mujeres y la Riviera Maya ya cuentan con ocupaciones hoteleras del 100%.<\/p>\n<p>Ademas de contar con tarifas que incrementar\u00e1n en un promedio del 20%, de acuerdo con Jes\u00fas Almaguer, representante de hoteleros.<\/p>\n<p>Julio es el mes en que tradicionalmente empiezan a registrase ocupaciones medias.<\/p>\n<p>Con tendencia que se hab\u00eda mantenido en agosto mientras septiembre era temporada baja durante los \u00faltimos a\u00f1os, incluso de prepandemia.<\/p>\n<p>Este 2022, sin embargo, se mantendr\u00e1 la temporada alta de ocupaci\u00f3n durante lo que resta del a\u00f1o.<\/p>\n<p>Finalmente, tanto para los destinos del norte como del sur de la entidad.<\/p>\n","protected":false},"excerpt":{"rendered":"<p>El segundo semestre de 2022 ser\u00e1 hist\u00f3rico para Quintana Roo al anticipar. Boom tur\u00edstico: Todo esto con base en reservaciones, que no habr\u00e1 temporada baja y los destinos del Caribe Mexicano operar\u00e1n al tope de ocupaci\u00f3n Turistas nacionales y extranjeros en Canc\u00fan, Quintana Roo El segundo semestre de 2022 ser\u00e1 hist\u00f3rico para Quintana Roo al [&hellip;]<\/p>\n","protected":false},"author":1,"featured_media":7842,"comment_status":"open","ping_status":"closed","sticky":false,"template":"","format":"standard","meta":{"footnotes":""},"categories":[10,13],"tags":[],"class_list":["post-7840","post","type-post","status-publish","format-standard","has-post-thumbnail","hentry","category-quintana-roo","category-tecnologia"],"_links":{"self":[{"href":"https:\/\/podernacional.com\/index.php?rest_route=\/wp\/v2\/posts\/7840","targetHints":{"allow":["GET"]}}],"collection":[{"href":"https:\/\/podernacional.com\/index.php?rest_route=\/wp\/v2\/posts"}],"about":[{"href":"https:\/\/podernacional.com\/index.php?rest_route=\/wp\/v2\/types\/post"}],"author":[{"embeddable":true,"href":"https:\/\/podernacional.com\/index.php?rest_route=\/wp\/v2\/users\/1"}],"replies":[{"embeddable":true,"href":"https:\/\/podernacional.com\/index.php?rest_route=%2Fwp%2Fv2%2Fcomments&post=7840"}],"version-history":[{"count":1,"href":"https:\/\/podernacional.com\/index.php?rest_route=\/wp\/v2\/posts\/7840\/revisions"}],"predecessor-version":[{"id":7841,"href":"https:\/\/podernacional.com\/index.php?rest_route=\/wp\/v2\/posts\/7840\/revisions\/7841"}],"wp:featuredmedia":[{"embeddable":true,"href":"https:\/\/podernacional.com\/index.php?rest_route=\/wp\/v2\/media\/7842"}],"wp:attachment":[{"href":"https:\/\/podernacional.com\/index.php?rest_route=%2Fwp%2Fv2%2Fmedia&parent=7840"}],"wp:term":[{"taxonomy":"category","embeddable":true,"href":"https:\/\/podernacional.com\/index.php?rest_route=%2Fwp%2Fv2%2Fcategories&post=7840"},{"taxonomy":"post_tag","embeddable":true,"href":"https:\/\/podernacional.com\/index.php?rest_route=%2Fwp%2Fv2%2Ftags&post=7840"}],"curies":[{"name":"wp","href":"https:\/\/api.w.org\/{rel}","templated":true}]}}