{"id":7846,"date":"2022-07-27T19:53:57","date_gmt":"2022-07-28T00:53:57","guid":{"rendered":"https:\/\/podernacional.com\/?p=7846"},"modified":"2022-07-28T00:53:58","modified_gmt":"2022-07-28T00:53:58","slug":"asi-se-vivira-el-festival-zacatecas-del-folclor-internacional-2022","status":"publish","type":"post","link":"https:\/\/podernacional.com\/?p=7846","title":{"rendered":"As\u00ed se vivir\u00e1 el Festival Zacatecas del Folclor Internacional 2022"},"content":{"rendered":"<h4>Un total de 46 agrupaciones participar\u00e1n en el 25\u00b0 Festival Zacatecas del Folclor Internacional.<\/h4>\n<p>Folclor Internacional: Se llevar\u00e1 a cabo del 31 de julio al 7 de agosto.<\/p>\n<p>El Instituto Zacatecano de Cultura (IZC) dio a conocer el programa que integrar\u00e1 el 25 Festival Zacatecas del Folclor Internacional 2022.<\/p>\n<p>Ademas, el cual se llevar\u00e1 del 31 de julio al 7 de agosto.<\/p>\n<p>As\u00ed como, las plazas y plazuelas de la capital se llenar\u00e1n de color, bailes y mucha tradici\u00f3n.<\/p>\n<p>Seg\u00fan indic\u00f3 la directora, Mar\u00eda de Jes\u00fas Mu\u00f1oz Reyes, este a\u00f1o se contar\u00e1 con la participaci\u00f3n de 46 agrupaciones.<\/p>\n<p>De las agrupaciones, destaca la participaci\u00f3n internacional de Argentina, Costa Rica, Chile, Bolivia, Colombia y Panam\u00e1.<\/p>\n<p>Asimismo, se tendr\u00e1 la presencia de cinco grupos nacionales: Baja California Sur, Jalisco, Nuevo Le\u00f3n, Puebla y Veracruz, as\u00ed como siete agrupaciones locales.<\/p>\n<p>Seg\u00fan el programa presentado, habr\u00e1 tanto danza folcl\u00f3rica como mestiza. Los foros principales son:<\/p>\n<p>Plaza de Armas<\/p>\n<p>Teatro Calder\u00f3n<\/p>\n<p>Megavelaria<\/p>\n<p>La Pur\u00edsima (Guadalupe)<\/p>\n<h4>Las danzas tradicionales y de atrio tienen un lugar importante dentro de la programaci\u00f3n.<\/h4>\n<p>Es por ello que se desarrollar\u00e1n en la Plazuela Goitia, en la cual se presentar\u00e1 una selecci\u00f3n de grupos zacatecanos de matlachines.<\/p>\n<p>De igual manera, se contempla una muestra gastron\u00f3mica, la cual estar\u00e1 a cargo de las comunidades extranjeras residentes en Zacatecas.<\/p>\n<p>Actividades extra y descentralizaci\u00f3n del Festival<\/p>\n<p>Para el foro de m\u00fasica y fandango popular la sede ser\u00e1 la Miguel Auza.<\/p>\n<p>En este se presentar\u00e1n los grupos de m\u00fasica que acompa\u00f1an a los 11 ballets folcl\u00f3ricos invitados.<\/p>\n<p>Entre las agrupaciones zacatecanas est\u00e1n la tradicional Mexicantares y Tradici\u00f3n Jarabera Zacatecana.<\/p>\n<h4>El Festival Zacatecas del Folclor Internacional se extender\u00e1 a los siguientes municipios:<\/h4>\n<p>Ca\u00f1itas<\/p>\n<p>Fresnillo<\/p>\n<p>Francisco R. Murguia<\/p>\n<p>Jerez<\/p>\n<p>Miguel Auza<\/p>\n<p>Morelo<\/p>\n<p>Tabasco<\/p>\n<p>Tepechitl\u00e1n<\/p>\n<p>Te\u00fal de Gonz\u00e1lez Ortega<\/p>\n<p>Villa de Cos<\/p>\n<p>Villa Garc\u00eda<\/p>\n<p>Villanueva<\/p>\n<p>Los desfiles esc\u00e9nicos de inauguraci\u00f3n y clausura por el centro hist\u00f3rico de la capital tambi\u00e9n se realizar\u00e1n en esta edici\u00f3n.<\/p>\n<p>Asimismo, se llevar\u00e1 a cabo el Segundo Encuentro Nacional Prehisp\u00e1nico de Juego de Pelota de Cadera.<\/p>\n<p>A esto se sumar\u00e1 una expo venta artesanal, en el Centro Hist\u00f3rico, la cual estar\u00e1 coordinada por la Subsecretar\u00eda de Desarrollo Artesanal.<\/p>\n<p>De igual manera, se tendr\u00e1 un programa de reforestaci\u00f3n, gestionado con el apoyo de la Secretar\u00eda del Agua y Medio Ambiente.<\/p>\n","protected":false},"excerpt":{"rendered":"<p>Un total de 46 agrupaciones participar\u00e1n en el 25\u00b0 Festival Zacatecas del Folclor Internacional. Folclor Internacional: Se llevar\u00e1 a cabo del 31 de julio al 7 de agosto. El Instituto Zacatecano de Cultura (IZC) dio a conocer el programa que integrar\u00e1 el 25 Festival Zacatecas del Folclor Internacional 2022. Ademas, el cual se llevar\u00e1 del [&hellip;]<\/p>\n","protected":false},"author":1,"featured_media":7848,"comment_status":"open","ping_status":"closed","sticky":false,"template":"","format":"standard","meta":{"footnotes":""},"categories":[2,5],"tags":[],"class_list":["post-7846","post","type-post","status-publish","format-standard","has-post-thumbnail","hentry","category-cultural","category-internacional"],"_links":{"self":[{"href":"https:\/\/podernacional.com\/index.php?rest_route=\/wp\/v2\/posts\/7846","targetHints":{"allow":["GET"]}}],"collection":[{"href":"https:\/\/podernacional.com\/index.php?rest_route=\/wp\/v2\/posts"}],"about":[{"href":"https:\/\/podernacional.com\/index.php?rest_route=\/wp\/v2\/types\/post"}],"author":[{"embeddable":true,"href":"https:\/\/podernacional.com\/index.php?rest_route=\/wp\/v2\/users\/1"}],"replies":[{"embeddable":true,"href":"https:\/\/podernacional.com\/index.php?rest_route=%2Fwp%2Fv2%2Fcomments&post=7846"}],"version-history":[{"count":1,"href":"https:\/\/podernacional.com\/index.php?rest_route=\/wp\/v2\/posts\/7846\/revisions"}],"predecessor-version":[{"id":7847,"href":"https:\/\/podernacional.com\/index.php?rest_route=\/wp\/v2\/posts\/7846\/revisions\/7847"}],"wp:featuredmedia":[{"embeddable":true,"href":"https:\/\/podernacional.com\/index.php?rest_route=\/wp\/v2\/media\/7848"}],"wp:attachment":[{"href":"https:\/\/podernacional.com\/index.php?rest_route=%2Fwp%2Fv2%2Fmedia&parent=7846"}],"wp:term":[{"taxonomy":"category","embeddable":true,"href":"https:\/\/podernacional.com\/index.php?rest_route=%2Fwp%2Fv2%2Fcategories&post=7846"},{"taxonomy":"post_tag","embeddable":true,"href":"https:\/\/podernacional.com\/index.php?rest_route=%2Fwp%2Fv2%2Ftags&post=7846"}],"curies":[{"name":"wp","href":"https:\/\/api.w.org\/{rel}","templated":true}]}}