{"id":7852,"date":"2022-07-27T20:40:52","date_gmt":"2022-07-28T01:40:52","guid":{"rendered":"https:\/\/podernacional.com\/?p=7852"},"modified":"2022-07-28T01:40:53","modified_gmt":"2022-07-28T01:40:53","slug":"el-40-aniversario-de-ribera-del-duero-llenara-de-cultura-y-espectaculos-las-calles-de-san-esteban-de-gormaz","status":"publish","type":"post","link":"https:\/\/podernacional.com\/?p=7852","title":{"rendered":"El 40 aniversario de Ribera del Duero llenar\u00e1 de cultura y espect\u00e1culos las calles de San Esteban de Gormaz"},"content":{"rendered":"<h4>Espect\u00e1culos de humor, circenses, teatrales, magia y m\u00fasica se suceder\u00e1n durante toda una jornada, donde bodegas y vinos ser\u00e1n tambi\u00e9n protagonistas<\/h4>\n<p>El 40 aniversario en San Esteban de Gormaz ser\u00e1 el pr\u00f3ximo escenario de la celebraci\u00f3n de los 40 a\u00f1os de la Denominaci\u00f3n de Origen Ribera del Duero.<\/p>\n<p>La localidad soriana acoger\u00e1 el pr\u00f3ximo 6 de agosto el festival de:<\/p>\n<p>Teatro, humor, magia, circo, m\u00fasica y espect\u00e1culos \u00abRibera del Duero: cultura en la calle\u00bb.<\/p>\n<p>Formaciones llegadas de distintos puntos del pa\u00eds derrochar\u00e1n arte y talento desde primeras horas del mediod\u00eda en la Plaza Mayor de San Esteban.<\/p>\n<p>As\u00ed como de\u00a0las calles aleda\u00f1as.<\/p>\n<p>Consejo Regulador y Ruta del Vino Ribera del Duero se unen para ofrecer una gran celebraci\u00f3n con el Esp\u00edritu Ribera como gran protagonista.<\/p>\n<p>As\u00ed como\u00a0un d\u00eda para disfrutar de esa forma \u00fanica de vivir el vino, de nuestra gente, de lo que hace \u00fanica a esta tierra.<\/p>\n<p>A las 12,00 horas se celebrar\u00e1 un acto de inauguraci\u00f3n simb\u00f3lica.<\/p>\n<p>Ademas de un brindis de autoridades y representantes de Ribera del Duero, y la proyecci\u00f3n de videos conmemorativos.<\/p>\n<p>A partir de ese momento se suceder\u00e1n los espect\u00e1culos:<\/p>\n<p>Cia Kicircle con El Comediante, Cal, Canto con El Jard\u00edn del Vient, Cia Julian, Pendorcho, The Freak Cabaret Circus, Gurus &amp; Malabares de Fuego.<\/p>\n<p>Igualmente como Pixie and Dixie Band, y El Carromato y sus bailarines gigantes.<\/p>\n<p>\u00abRibera del Duero cumple 40 a\u00f1os y queremos celebrarlo con todos los que han hecho posible que hoy seamos un referente internacional\u201d.<\/p>\n<p>\u201cNo solo de buen vino, tambi\u00e9n de enoturismo y cultura\u201d.<\/p>\n<h4>Porque hay algo que es imposible de deslocalizar o imitar:<\/h4>\n<p>Nuestra tierra, nuestro vi\u00f1edo, el carisma y la personalidad de nuestra gente, nuestro patrimonio, nuestra cultura, nuestra forma de vivir y de enfrentar la vida.<\/p>\n<p>Eso es el Esp\u00edritu Ribera. Y en San Esteban va a llenar las calles, en un d\u00eda para todos los p\u00fablicos, con brindis en hermandad.<\/p>\n<p>Ademas de estar celebrando el orgullo de ser quien somos y hacer lo que hacemos\u00bb, se\u00f1ala Enrique Pascual, Presidente de la DO Ribera del Duero.<\/p>\n<p>Catas, bodegas y el sabor del Esp\u00edritu Ribera en tierra soriana<\/p>\n<p>San Esteban de Gormaz ser\u00e1 el 6 de agosto el escenario perfecto para disfrutar del vino de Ribera del Duero.<\/p>\n<p>Del que elaboran las bodegas del territorio soriano de la DO, pero tambi\u00e9n del de elaboradoras de otros puntos de la regi\u00f3n.<\/p>\n<p>La Plaza Mayor de la localidad ser\u00e1 el punto de encuentro de quienes quieran disfrutar de las propuestas de las bodegas, en copa.<\/p>\n<p>Estando servidas por sus elaboradores, y bien acompa\u00f1adas.<\/p>\n<p>En ese hist\u00f3rico enclave las bodegas Mart\u00edn Berdugo, Hispanobodegas, Ant\u00eddoto y Pascual abrir\u00e1n sus puestos especiales para presentar al p\u00fablico.<\/p>\n<p>Dichas elaboraciones a precios muy interesantes.<\/p>\n<p>Se podr\u00e1 disfrutar de los vinos en copa o adquirir botellas.<\/p>\n<p>El Consejo Regulador dispondr\u00e1 una caseta de venta de copas conmemorativas para acudir a los puestos de bodegas a degustar las opciones que se brindan.<\/p>\n<p>Adem\u00e1s, se celebrar\u00e1n en San Esteban a lo largo del s\u00e1bado dos catas premium con distinta tem\u00e1tica:<\/p>\n<p>Cata la influencia del terru\u00f1o en Ribera del Duero<\/p>\n<p>Cata el Esp\u00edritu Ribera y Soria<\/p>\n<p>Por ende, El 40 aniversario de Ribera del Duero llenar\u00e1 de cultura y espect\u00e1culos<\/p>\n","protected":false},"excerpt":{"rendered":"<p>Espect\u00e1culos de humor, circenses, teatrales, magia y m\u00fasica se suceder\u00e1n durante toda una jornada, donde bodegas y vinos ser\u00e1n tambi\u00e9n protagonistas El 40 aniversario en San Esteban de Gormaz ser\u00e1 el pr\u00f3ximo escenario de la celebraci\u00f3n de los 40 a\u00f1os de la Denominaci\u00f3n de Origen Ribera del Duero. La localidad soriana acoger\u00e1 el pr\u00f3ximo 6 [&hellip;]<\/p>\n","protected":false},"author":1,"featured_media":7854,"comment_status":"open","ping_status":"closed","sticky":false,"template":"","format":"standard","meta":{"footnotes":""},"categories":[2,4,5],"tags":[],"class_list":["post-7852","post","type-post","status-publish","format-standard","has-post-thumbnail","hentry","category-cultural","category-espectaculos","category-internacional"],"_links":{"self":[{"href":"https:\/\/podernacional.com\/index.php?rest_route=\/wp\/v2\/posts\/7852","targetHints":{"allow":["GET"]}}],"collection":[{"href":"https:\/\/podernacional.com\/index.php?rest_route=\/wp\/v2\/posts"}],"about":[{"href":"https:\/\/podernacional.com\/index.php?rest_route=\/wp\/v2\/types\/post"}],"author":[{"embeddable":true,"href":"https:\/\/podernacional.com\/index.php?rest_route=\/wp\/v2\/users\/1"}],"replies":[{"embeddable":true,"href":"https:\/\/podernacional.com\/index.php?rest_route=%2Fwp%2Fv2%2Fcomments&post=7852"}],"version-history":[{"count":1,"href":"https:\/\/podernacional.com\/index.php?rest_route=\/wp\/v2\/posts\/7852\/revisions"}],"predecessor-version":[{"id":7853,"href":"https:\/\/podernacional.com\/index.php?rest_route=\/wp\/v2\/posts\/7852\/revisions\/7853"}],"wp:featuredmedia":[{"embeddable":true,"href":"https:\/\/podernacional.com\/index.php?rest_route=\/wp\/v2\/media\/7854"}],"wp:attachment":[{"href":"https:\/\/podernacional.com\/index.php?rest_route=%2Fwp%2Fv2%2Fmedia&parent=7852"}],"wp:term":[{"taxonomy":"category","embeddable":true,"href":"https:\/\/podernacional.com\/index.php?rest_route=%2Fwp%2Fv2%2Fcategories&post=7852"},{"taxonomy":"post_tag","embeddable":true,"href":"https:\/\/podernacional.com\/index.php?rest_route=%2Fwp%2Fv2%2Ftags&post=7852"}],"curies":[{"name":"wp","href":"https:\/\/api.w.org\/{rel}","templated":true}]}}