{"id":7855,"date":"2022-07-27T20:49:49","date_gmt":"2022-07-28T01:49:49","guid":{"rendered":"https:\/\/podernacional.com\/?p=7855"},"modified":"2022-07-28T01:49:50","modified_gmt":"2022-07-28T01:49:50","slug":"dia-internacional-del-perro-callejero-inspiracion-a-favor-de-la-adopcion-2","status":"publish","type":"post","link":"https:\/\/podernacional.com\/?p=7855","title":{"rendered":"D\u00eda Internacional del Perro Callejero, inspiraci\u00f3n a favor de la adopci\u00f3n"},"content":{"rendered":"<h4>Un estudiante chileno instaur\u00f3 en 2008 la fecha del 27 de julio.<\/h4>\n<p>Perro Callejero: Para dar mayor visibilidad a acciones que pueden mejorar la calidad de vida de estos animales.<\/p>\n<p>Incluimos un listado de algunos perros callejeros famosos.<\/p>\n<p>Benji lleg\u00f3 a Netflix en 2018<\/p>\n<p>Este 27 de julio se celebra el D\u00eda Internacional del Perro Callejero.<\/p>\n<p>El cual es impulsado por toda Latinoam\u00e9rica a trav\u00e9s de redes sociales por un estudiante chileno en 2008.<\/p>\n<p>De tal forma que, al igual que el D\u00eda Mundial del Perro, este d\u00eda insaturado por el joven Ignacio Gac.<\/p>\n<p>Un joven estudiante de periodismo de Santiago de Chile, tambi\u00e9n busca fomentar la adopci\u00f3n y entender su importancia.<\/p>\n<p>As\u00ed como crear conciencia del cuidado que merecen los animales.<\/p>\n<p>Gac escogi\u00f3 el mes de julio debido a que es el mes m\u00e1s crudo del invierno en el hemisferio sur del planeta.<\/p>\n<p>Ademas que cuando precisamente los perros de la calle padecen m\u00e1s las bajas temperaturas.<\/p>\n<p>La Organizaci\u00f3n Mundial de la Salud (OMS) y la World Society for Animal Protection (WSPA).<\/p>\n<p>As\u00ed como apuntan que la \u00fanica manear de detener la sobrepoblaci\u00f3n canina callejera es la esterilizaci\u00f3n y la educaci\u00f3n ciudadana.<\/p>\n<p>As\u00ed, el D\u00eda Internacional del Perro Callejero cumple asimismo la funci\u00f3n de plataforma para divulgar informaci\u00f3n del tema.<\/p>\n<p>Por ende dar a\u00a0conocer las organizaciones sin fines de lucro que colaboran a favor.<\/p>\n<p>De mejorar la calidad de vida de los animales y hacer eco de las campa\u00f1as de adopci\u00f3n.<\/p>\n<p>Ber\u00fchmte Hunde | Japan Hachiko in Shibuya<\/p>\n<p>La estatua de Hachiko en Shibuya, Tokio (Jap\u00f3n)<\/p>\n<h4>5 perros callejeros famosos<\/h4>\n<p>Beni: la mezcal de Poodle, Cocker Spaniel y Schnauzer dio origen a uno de los perros callejeros m\u00e1s famosos de al industria del cine.<\/p>\n<p>Llamado realmente Higgins, y que falleciera en 1975.<\/p>\n<p>La famosa pel\u00edcula de 1974 rememora sus aventuras.<\/p>\n<p>Seg\u00fan la Sociedad Protectora de Animales, su historia favoreci\u00f3 la adopci\u00f3n de 1 mill\u00f3n de perros gracias al filme.<\/p>\n<p>Hachiko: \u00abSiempre a tu lado\u201d, protagonizada por Richard Gere en 2009, populariz\u00f3 la historia de Hachiko.<\/p>\n<p>A\u00a0quien encontr\u00f3 cuando era un cachorro.<\/p>\n<p>La conmovedora historia cuenta el entusiasmo de un perro japon\u00e9s de raza akita inu.<\/p>\n<p>Que todos los d\u00edas acud\u00eda a la estaci\u00f3n e Shibuya en Tokio (Jap\u00f3n), para recibir a su due\u00f1o al volver del trabajo.<\/p>\n<p>Un d\u00eda su amo falleci\u00f3 y no volvi\u00f3 m\u00e1s, pero el perro lo esper\u00f3 en la estaci\u00f3n por diez a\u00f1os.<\/p>\n<p>Esa incansable espera le vali\u00f3 una estatua de bronce en homenaje por su fidelidad.<\/p>\n<p>Rin Tin Tin: protagonista de 29 pel\u00edculas, es el perro m\u00e1s famoso de la historia del siglo pasado.<\/p>\n<p>Este pastor alem\u00e1n fue rescatado por el estadounidense Lee Duncan de una perrera devastada en Francia por la Primera Guerra Mundial.<\/p>\n<p>Tiene su propia estrella en el Paseo de la Fama de Hollywood Boulevard. Falleci\u00f3 en 1932.<\/p>\n<h4>Ber\u00fchmte Hunde | Rin Tin Tin of the Dessert<\/h4>\n<p>Rin Tin Tin en \u00abRinty of the Desert\u00bb, pel\u00edcula de 1928<\/p>\n<p>La Dama y el vagabundo: Una historia que inspir\u00f3 a muchos a adoptar.<\/p>\n<p>La pel\u00edcula de Disney es un cl\u00e1sico protagonizado por Golfo, un perro mestizo callejero, y Reina, una cocker spaniel americana que se enamora de \u00e9l.<\/p>\n<p>Marley: fueron varios cachorros labradores rescatados los que dieron vida en la pantalla grande al entra\u00f1able perro de la pel\u00edcula Marley y yo (2008).<\/p>\n<p>Protagonizada por Jennifer Aniston y Owen Wilson. Rudy.<\/p>\n<p>As\u00ed como un perro rescatado de un refugio en Florida, fue quien tuvo m\u00e1s tiempo en la pantalla en dicha historia.<\/p>\n","protected":false},"excerpt":{"rendered":"<p>Un estudiante chileno instaur\u00f3 en 2008 la fecha del 27 de julio. Perro Callejero: Para dar mayor visibilidad a acciones que pueden mejorar la calidad de vida de estos animales. Incluimos un listado de algunos perros callejeros famosos. Benji lleg\u00f3 a Netflix en 2018 Este 27 de julio se celebra el D\u00eda Internacional del Perro [&hellip;]<\/p>\n","protected":false},"author":1,"featured_media":7857,"comment_status":"open","ping_status":"closed","sticky":false,"template":"","format":"standard","meta":{"footnotes":""},"categories":[2,5],"tags":[],"class_list":["post-7855","post","type-post","status-publish","format-standard","has-post-thumbnail","hentry","category-cultural","category-internacional"],"_links":{"self":[{"href":"https:\/\/podernacional.com\/index.php?rest_route=\/wp\/v2\/posts\/7855","targetHints":{"allow":["GET"]}}],"collection":[{"href":"https:\/\/podernacional.com\/index.php?rest_route=\/wp\/v2\/posts"}],"about":[{"href":"https:\/\/podernacional.com\/index.php?rest_route=\/wp\/v2\/types\/post"}],"author":[{"embeddable":true,"href":"https:\/\/podernacional.com\/index.php?rest_route=\/wp\/v2\/users\/1"}],"replies":[{"embeddable":true,"href":"https:\/\/podernacional.com\/index.php?rest_route=%2Fwp%2Fv2%2Fcomments&post=7855"}],"version-history":[{"count":1,"href":"https:\/\/podernacional.com\/index.php?rest_route=\/wp\/v2\/posts\/7855\/revisions"}],"predecessor-version":[{"id":7856,"href":"https:\/\/podernacional.com\/index.php?rest_route=\/wp\/v2\/posts\/7855\/revisions\/7856"}],"wp:featuredmedia":[{"embeddable":true,"href":"https:\/\/podernacional.com\/index.php?rest_route=\/wp\/v2\/media\/7857"}],"wp:attachment":[{"href":"https:\/\/podernacional.com\/index.php?rest_route=%2Fwp%2Fv2%2Fmedia&parent=7855"}],"wp:term":[{"taxonomy":"category","embeddable":true,"href":"https:\/\/podernacional.com\/index.php?rest_route=%2Fwp%2Fv2%2Fcategories&post=7855"},{"taxonomy":"post_tag","embeddable":true,"href":"https:\/\/podernacional.com\/index.php?rest_route=%2Fwp%2Fv2%2Ftags&post=7855"}],"curies":[{"name":"wp","href":"https:\/\/api.w.org\/{rel}","templated":true}]}}