{"id":7858,"date":"2022-07-27T20:55:09","date_gmt":"2022-07-28T01:55:09","guid":{"rendered":"https:\/\/podernacional.com\/?p=7858"},"modified":"2022-07-28T01:55:10","modified_gmt":"2022-07-28T01:55:10","slug":"aeromexico-ya-no-volara-del-aifa-a-villahermosa-y-pausa-plan-a-cancun","status":"publish","type":"post","link":"https:\/\/podernacional.com\/?p=7858","title":{"rendered":"Aerom\u00e9xico ya no volar\u00e1 del AIFA a Villahermosa y pausa plan a Canc\u00fan"},"content":{"rendered":"<h4>La aerol\u00ednea tom\u00f3 la decisi\u00f3n tras registrar pocos pasajeros en la ruta Villahermosa, Tabasco.<\/h4>\n<p>Aerom\u00e9xico indic\u00f3 que aumentar\u00e1 su capacidad desde el AIFA a partir del 15 de agosto.<\/p>\n<p>Aerom\u00e9xico eliminar\u00e1 definitivamente su ruta desde el Aeropuerto Internacional Felipe \u00c1ngeles (AIFA) hacia Villahermosa, Tabasco.<\/p>\n<p>Luego que este vuelo tuviera operaciones con 4 pasajeros y una ocupaci\u00f3n promedio a junio de 23 viajeros por vuelo.<\/p>\n<p>De igual forma, en un nuevo anuncio en el que modifica sus planes de expansi\u00f3n, la empresa tampoco contempla vuelos a Canc\u00fan por el momento.<\/p>\n<p>Esto pese a haber anunciado en mayo que tendr\u00eda 7 frecuencias a ese destino del Caribe mexicano.<\/p>\n<p>En un comunicado, la aerol\u00ednea indic\u00f3 que aumentar\u00e1 su capacidad desde el AIFA a partir del 15 de agosto, como ya lo hab\u00eda anunciado.<\/p>\n<p>Sin embargo, en este nuevo documento ya no contempla vuelos a esos dos destinos.<\/p>\n<p>A partir de esa fecha, la aerol\u00ednea operar\u00e1 seis rutas desde el AIFA.<\/p>\n<p>Ademas con una oferta total de 112 llegadas y salidas que representan m\u00e1s de diez mil asientos semanales.<\/p>\n<h4>\u00bfCu\u00e1les son los seis destinos de Aerom\u00e9xico en el AIFA?<\/h4>\n<p>Acapulco, siete.<\/p>\n<p>Guadalajara, catorce.<\/p>\n<p>M\u00e9rida, siete.<\/p>\n<p>Monterrey, catorce.<\/p>\n<p>Oaxaca, siete.<\/p>\n<p>Puerto Vallarta, siete.<\/p>\n<p>Con ello, Aerom\u00e9xico tendr\u00e1 56 vuelos semanales desde el nuevo aeropuerto ubicado en Santa Luc\u00eda.<\/p>\n<h4>\u00bfDeseas ser sobrecargo o piloto de Aerom\u00e9xico?<\/h4>\n<p>\u00bfSue\u00f1as con volar?<\/p>\n<p>Aerom\u00e9xico abri\u00f3 becas a mujeres que desean comenzar su carrera como aviadoras comerciales o sobrecargo.<\/p>\n<p>A trav\u00e9s de su cuenta de Twitter, la aerol\u00ednea invit\u00f3 a las mexicanas a participar por una beca.<\/p>\n<p>Sin embargo, para lograr este beneficio, deber\u00e1n postularse a su convocatoria que estar\u00e1 abierta hasta el pr\u00f3ximo 15 de agosto.<\/p>\n<p>\u201c\u00a1Es momento de crear una nueva historia en la aviaci\u00f3n mexicana!<\/p>\n<p>T\u00fa puedes ser parte de esto, siendo aspirante a Aviador Comercial o Sobrecargo.<\/p>\n<p>Participa en la convocatoria\u201d, escribi\u00f3 en sus redes sociales.<\/p>\n<h4>\u00bfCu\u00e1les son los requisitos?<\/h4>\n<p>Tener 18 a\u00f1os cumplidos al momento de iniciar el programa.<\/p>\n<p>Bachillerato concluido.<\/p>\n<p>As\u00ed como de contar con un promedio mayor o igual a 80\/100 en los estudios completos o acumulados.<\/p>\n<p>A\u00a0la fecha de realizar el proceso de selecci\u00f3n a la carrera.<\/p>\n<p>Mexicana por nacimiento.<\/p>\n<p>Examen psicof\u00edsico integral APTO.<\/p>\n<p>Ingl\u00e9s mayor o igual: B1 para Sobrecargo y B2 para Piloto.<\/p>\n<p>Contar con la admisi\u00f3n al programa en Aerom\u00e9xico Formaci\u00f3n.<\/p>\n<p>Cumplir con el proceso de postulaci\u00f3n.<\/p>\n","protected":false},"excerpt":{"rendered":"<p>La aerol\u00ednea tom\u00f3 la decisi\u00f3n tras registrar pocos pasajeros en la ruta Villahermosa, Tabasco. Aerom\u00e9xico indic\u00f3 que aumentar\u00e1 su capacidad desde el AIFA a partir del 15 de agosto. Aerom\u00e9xico eliminar\u00e1 definitivamente su ruta desde el Aeropuerto Internacional Felipe \u00c1ngeles (AIFA) hacia Villahermosa, Tabasco. Luego que este vuelo tuviera operaciones con 4 pasajeros y una [&hellip;]<\/p>\n","protected":false},"author":1,"featured_media":7860,"comment_status":"open","ping_status":"closed","sticky":false,"template":"","format":"standard","meta":{"footnotes":""},"categories":[6,10],"tags":[],"class_list":["post-7858","post","type-post","status-publish","format-standard","has-post-thumbnail","hentry","category-local","category-quintana-roo"],"_links":{"self":[{"href":"https:\/\/podernacional.com\/index.php?rest_route=\/wp\/v2\/posts\/7858","targetHints":{"allow":["GET"]}}],"collection":[{"href":"https:\/\/podernacional.com\/index.php?rest_route=\/wp\/v2\/posts"}],"about":[{"href":"https:\/\/podernacional.com\/index.php?rest_route=\/wp\/v2\/types\/post"}],"author":[{"embeddable":true,"href":"https:\/\/podernacional.com\/index.php?rest_route=\/wp\/v2\/users\/1"}],"replies":[{"embeddable":true,"href":"https:\/\/podernacional.com\/index.php?rest_route=%2Fwp%2Fv2%2Fcomments&post=7858"}],"version-history":[{"count":1,"href":"https:\/\/podernacional.com\/index.php?rest_route=\/wp\/v2\/posts\/7858\/revisions"}],"predecessor-version":[{"id":7859,"href":"https:\/\/podernacional.com\/index.php?rest_route=\/wp\/v2\/posts\/7858\/revisions\/7859"}],"wp:featuredmedia":[{"embeddable":true,"href":"https:\/\/podernacional.com\/index.php?rest_route=\/wp\/v2\/media\/7860"}],"wp:attachment":[{"href":"https:\/\/podernacional.com\/index.php?rest_route=%2Fwp%2Fv2%2Fmedia&parent=7858"}],"wp:term":[{"taxonomy":"category","embeddable":true,"href":"https:\/\/podernacional.com\/index.php?rest_route=%2Fwp%2Fv2%2Fcategories&post=7858"},{"taxonomy":"post_tag","embeddable":true,"href":"https:\/\/podernacional.com\/index.php?rest_route=%2Fwp%2Fv2%2Ftags&post=7858"}],"curies":[{"name":"wp","href":"https:\/\/api.w.org\/{rel}","templated":true}]}}