{"id":7861,"date":"2022-07-27T21:04:41","date_gmt":"2022-07-28T02:04:41","guid":{"rendered":"https:\/\/podernacional.com\/?p=7861"},"modified":"2022-07-28T02:04:42","modified_gmt":"2022-07-28T02:04:42","slug":"presentan-cartel-taurino-de-la-feria-nacional-de-zacatecas-2022","status":"publish","type":"post","link":"https:\/\/podernacional.com\/?p=7861","title":{"rendered":"Presentan Cartel Taurino de la Feria Nacional de Zacatecas 2022"},"content":{"rendered":"<h4>Las corridas se llevar\u00e1n a cabo del 3 al 18 de septiembre en la Monumental Plaza de Toros Zacatecas<\/h4>\n<p>Cartel Taurino : Voy a contribuir para que estas fiestas sean lo mejor: Sara Hern\u00e1ndez de Monreal<\/p>\n<p>El Gobierno del Estado, a trav\u00e9s de la Coordinaci\u00f3n del Comit\u00e9 Organizador de la Feria Nacional de Zacatecas 2022.<\/p>\n<p>Di\u00f3 a conocer el cartel taurino que se presentar\u00e1 en la Monumental Plaza de Toros, en la edici\u00f3n 2022.<\/p>\n<p>Al tomar la palabra, Sara Hern\u00e1ndez de Monreal, Presidenta Honor\u00edfica del Sistema Estatal para el Desarrollo Integral de la Familia.<\/p>\n<p>Expres\u00f3 que pondr\u00e1 todo de su parte para que estas fiestas de las y los zacatecanos sean lo mejor.<\/p>\n<p>\u201cPara m\u00ed es un verdadero gusto que el d\u00eda de hoy iniciemos con esa fiesta de los zacatecanos\u201d.<\/p>\n<p>\u201cPorque queremos el Zacatecas que so\u00f1amos y el que merecemos\u201d.<\/p>\n<p>\u201cLleno de fiesta, de felicidad y de familia, ese es mi deseo\u201d, agreg\u00f3.<\/p>\n<p>En voz del matador Curro Leal, se dieron a conocer las combinaciones de los 10 festejos taurinos.<\/p>\n<h4>En donde se integran toreros mexicanos que pisar\u00e1n la Monumental Plaza de Toros Zacatecas de la siguiente manera:<\/h4>\n<p>S\u00e1bado 3 de septiembre: Novillada en donde participar\u00e1 Jos\u00e9 Mar\u00eda Mendoza, Jussef, Rafael Soriano, Juan Querencia.<\/p>\n<p>Igualmente de Hidalgo Garc\u00eda, C\u00e9sar Pacheco y Lolo Guti\u00e9rrez.<\/p>\n<p>Domingo 4 de septiembre: Cuauht\u00e9moc Ayala, Fauro Aloi, Tarik Oth\u00f3n y en mano a mano:<\/p>\n<p>Forcados Amadores de M\u00e9xico y Forcados Mazatl\u00e9cos, celebrando su 35 aniversario.<\/p>\n<p>Jueves 8 de septiembre: Arturo Mac\u00edas, Ferm\u00edn Rivera y Octavio Garc\u00eda \u201cEl Payo\u201d.<\/p>\n<p>Viernes 9 de septiembre:<\/p>\n<p>Pedro Pinz\u00f3n, Pedro Haces ll, Luis Mart\u00ednez \u201cPa\u00f1al\u201d, Ricardo Carmona, Manuel Luviano, Adolfo Mendoza y Carlos Allende.<\/p>\n<p>Viernes 9 de septiembre:<\/p>\n<p>Uriel Moreno \u201cEl Zapata\u201d, Israel T\u00e9llez y Antonio Garc\u00eda \u201cEl Chihuahua\u201d.<\/p>\n<p>S\u00e1bado 10 de septiembre: Diego S\u00e1nchez, H\u00e9ctor Guti\u00e9rrez y Diego San Rom\u00e1n.<\/p>\n<p>Domingo 11 de septiembre: Andr\u00e9 Lagravere \u201cEl Galo\u201d, Juan Pedro Llaguno y Miguel Aguilar.<\/p>\n<p>Viernes 16 de septiembre: Juan Pablo S\u00e1nchez y Sergio Flores.<\/p>\n<p>S\u00e1bado 17 de septiembre: Antonio Romero, Luis Ignacio y \u00c1ngel Espinoza \u201cPlaterito\u201d.<\/p>\n<p>Domingo 18 de septiembre: Jos\u00e9 Mauricio, Gerardo Adame y Armillita lV.<\/p>\n<h4>Cabe se\u00f1alar que, todas las corridas se realizar\u00e1n a las 5:30 de la tarde a excepci\u00f3n del Festival de Aficionados Pr\u00e1cticos.<\/h4>\n<p>Ademas que se celebrar\u00e1 el viernes 9 de septiembre a las 12 del mediod\u00eda.<\/p>\n<p>Durante el serial, participar\u00e1n ganader\u00edas como Torrecilla, Carranco, Puerta Grande, Los \u00c9banos, Jos\u00e9 Juli\u00e1n Llaguno.<\/p>\n<p>As\u00ed como\u00a0San Ferm\u00edn, Jos\u00e9 Garf\u00edas, D\u2019 Guadiana y Pozohondo.<\/p>\n<p>Finalmente, Pedro Haces Barba, senador de la Rep\u00fablica y presidente de la Asociaci\u00f3n Mexicana de Tauromaquia.<\/p>\n<p>As\u00ed mismo, enfatiz\u00f3 en que ser\u00e1 una fiesta taurina con puros mexicanos para que la Monumental Plaza de Toros Zacatecas.<\/p>\n<p>Vuelva a tener el se\u00f1or\u00edo de antes. \u201cNecesitamos apoyar a los nuevos toreros y novilleros\u201d, dijo.<\/p>\n<p>El evento estuvo acompa\u00f1ado por:<\/p>\n<p>Armando Guadiana, senador de la Rep\u00fablica; Roy Barrag\u00e1n, secretario de Turismo de Zacatecas; Yaset Hern\u00e1ndez.<\/p>\n<p>La cual es coordinadora General de la Feria Nacional de Zacatecas 2022 y Jos\u00e9 Aguirre, empresario zacatecano, as\u00ed como de ganaderos y toreros.<\/p>\n","protected":false},"excerpt":{"rendered":"<p>Las corridas se llevar\u00e1n a cabo del 3 al 18 de septiembre en la Monumental Plaza de Toros Zacatecas Cartel Taurino : Voy a contribuir para que estas fiestas sean lo mejor: Sara Hern\u00e1ndez de Monreal El Gobierno del Estado, a trav\u00e9s de la Coordinaci\u00f3n del Comit\u00e9 Organizador de la Feria Nacional de Zacatecas 2022. [&hellip;]<\/p>\n","protected":false},"author":1,"featured_media":7863,"comment_status":"open","ping_status":"closed","sticky":false,"template":"","format":"standard","meta":{"footnotes":""},"categories":[2,7],"tags":[],"class_list":["post-7861","post","type-post","status-publish","format-standard","has-post-thumbnail","hentry","category-cultural","category-nacional"],"_links":{"self":[{"href":"https:\/\/podernacional.com\/index.php?rest_route=\/wp\/v2\/posts\/7861","targetHints":{"allow":["GET"]}}],"collection":[{"href":"https:\/\/podernacional.com\/index.php?rest_route=\/wp\/v2\/posts"}],"about":[{"href":"https:\/\/podernacional.com\/index.php?rest_route=\/wp\/v2\/types\/post"}],"author":[{"embeddable":true,"href":"https:\/\/podernacional.com\/index.php?rest_route=\/wp\/v2\/users\/1"}],"replies":[{"embeddable":true,"href":"https:\/\/podernacional.com\/index.php?rest_route=%2Fwp%2Fv2%2Fcomments&post=7861"}],"version-history":[{"count":1,"href":"https:\/\/podernacional.com\/index.php?rest_route=\/wp\/v2\/posts\/7861\/revisions"}],"predecessor-version":[{"id":7862,"href":"https:\/\/podernacional.com\/index.php?rest_route=\/wp\/v2\/posts\/7861\/revisions\/7862"}],"wp:featuredmedia":[{"embeddable":true,"href":"https:\/\/podernacional.com\/index.php?rest_route=\/wp\/v2\/media\/7863"}],"wp:attachment":[{"href":"https:\/\/podernacional.com\/index.php?rest_route=%2Fwp%2Fv2%2Fmedia&parent=7861"}],"wp:term":[{"taxonomy":"category","embeddable":true,"href":"https:\/\/podernacional.com\/index.php?rest_route=%2Fwp%2Fv2%2Fcategories&post=7861"},{"taxonomy":"post_tag","embeddable":true,"href":"https:\/\/podernacional.com\/index.php?rest_route=%2Fwp%2Fv2%2Ftags&post=7861"}],"curies":[{"name":"wp","href":"https:\/\/api.w.org\/{rel}","templated":true}]}}