{"id":7864,"date":"2022-07-27T21:22:22","date_gmt":"2022-07-28T02:22:22","guid":{"rendered":"https:\/\/podernacional.com\/?p=7864"},"modified":"2022-07-28T02:22:23","modified_gmt":"2022-07-28T02:22:23","slug":"refrenda-gabriela-pinedo-compromiso-del-gobierno-de-zacatecas-para-seguir-acompanando-reactivacion-de-comunidades-jerezanas","status":"publish","type":"post","link":"https:\/\/podernacional.com\/?p=7864","title":{"rendered":"Refrenda Gabriela Pinedo compromiso del Gobierno de Zacatecas para seguir acompa\u00f1ando reactivaci\u00f3n de comunidades jerezanas"},"content":{"rendered":"<h4>Con \u00e1nimo y esperanza, alumnas y alumnos de Palmas Altas concluyen sus estudios de preescolar, primaria y telesecundaria<\/h4>\n<p>Gabriela Pinedo: Pobladores agradecen y reconocen el respaldo que les brind\u00f3 el Gobernador David Monreal \u00c1vila para sacar adelante a las comunidades de la sierra<\/p>\n<p>Esta calma y seguridad abre la posibilidad de seguir la fiesta, dijo la directora de la escuela Jos\u00e9 Mar\u00eda Morelos, Otilia Quezada Salinas<\/p>\n<p>Al acudir, en representaci\u00f3n del Gobernador David Monreal \u00c1vila, a la conclusi\u00f3n del Ciclo Escolar 2021-2022.<\/p>\n<p>La\u00a0Secretaria General de Gobierno, Gabriela Pinedo Morales, refrend\u00f3 el compromiso del Gobierno de Zacatecas de acompa\u00f1arlos.<\/p>\n<p>As\u00ed como de no dejarlos solos y seguir pendientes de que contin\u00fae la reactivaci\u00f3n en Palmas Altas y las dem\u00e1s comunidades de Jerez.<\/p>\n<p>A dos a\u00f1os de distancia, el \u00e1nimo en esa localidad es otro.<\/p>\n<p>Hay certidumbre y tranquilidad entre las y los habitantes de la comunidad.<\/p>\n<p>En medio de la esperanza, alumnas y alumnos de preescolar, primaria y telesecundaria.<\/p>\n<p>Ademas que recibieron diplomas y reconocimientos por su aprovechamiento y m\u00e9ritos acad\u00e9micos.<\/p>\n<p>Tambi\u00e9n agradecieron y reconocieron el respaldo y acompa\u00f1amiento que les brindaron el Gobernador David Monreal \u00c1vila y su Gabinete.<\/p>\n<p>El cual va a\u00a0recobrar la paz y la tranquilidad en esta demarcaci\u00f3n.<\/p>\n<p>Donde, como lo ofreci\u00f3, se mantiene la presencia del Ej\u00e9rcito Mexicano y la Guardia Nacional.<\/p>\n<p>A nombre del Gobernador, Pinedo Morales record\u00f3 el dif\u00edcil camino que, conjuntamente con los pobladores.<\/p>\n<p>Se ha recorrido hasta llegar a la clausura del Ciclo Escolar, algo que debe considerarse como un gran logro.<\/p>\n<p>Porque, luego de momentos de incertidumbre, se pudo avanzar en el campo educativo.<\/p>\n<h4>\u201cUstedes han sido testigos de c\u00f3mo se ha ido reconstruyendo la vida en las comunidades\u201d.<\/h4>\n<p>\u201cPor ello, nuestro reconocimiento a la Subdelegaci\u00f3n de Programas del Bienestar, al Ej\u00e9rcito Mexicano, a la Guardia Nacional, Polic\u00eda Estatal\u201d.<\/p>\n<p>Sobre todo, el apoyo de las madres y padres de familia\u201d, expres\u00f3 la Secretaria General de Gobierno.<\/p>\n<p>A las y los pobladores de Palmas Altas les dijo que son el motor que sacar\u00e1 adelante a \u00e9sta y las dem\u00e1s comunidades de la sierra.<\/p>\n<p>\u201cSon la muestra de que puede m\u00e1s la gente organizada, con sus ganas de salir adelante, que todo lo malo que podamos enfrentar.<\/p>\n<p>Hoy, tienen un Gobernador que los respalda\u201d, asent\u00f3.<\/p>\n<p>Gabriela Pinedo reiter\u00f3 que el Gobierno de Zacatecas no los va a dejar solos.<\/p>\n<p>\u201cEn las buenas y en las malas, seguiremos\u00a0acompa\u00f1ando la reconstrucci\u00f3n de Palmas Altas y de todas las comunidades de la sierra de Jerez\u201d.<\/p>\n<p>Esta calma y esta seguridad, nos abre la posibilidad de seguir la fiesta.<\/p>\n<p>Es alentador, dijo la directora de la Primaria Jos\u00e9 Mar\u00eda Morelos, Otilia Quezada Salinas.<\/p>\n<p>Reconoci\u00f3 que hicieron falta lecturas, juegos, aprendizajes y porque no, tambi\u00e9n las travesuras, pero la escuela recobr\u00f3 su vida.<\/p>\n<p>Agradeci\u00f3 a los padres de familia su entrega y su apoyo a quienes, de manera simb\u00f3lica.<\/p>\n<p>Les hizo entrega de sus hijos que no son los mismos ni\u00f1os que llegaron, ahora son, algunos de ellos, unos j\u00f3venes.<\/p>\n<p>Finalmente, Jos\u00e9 Luis Gonz\u00e1lez, subdelegado de Programas del Bienestar.<\/p>\n<p>Por ende exhort\u00f3 a los egresados a continuar con sus estudios para que se conviertan en:<\/p>\n<p>Profesionistas, en abogados, m\u00e9dicos, y regresen a su localidad a trabajar y a transformarla.<\/p>\n","protected":false},"excerpt":{"rendered":"<p>Con \u00e1nimo y esperanza, alumnas y alumnos de Palmas Altas concluyen sus estudios de preescolar, primaria y telesecundaria Gabriela Pinedo: Pobladores agradecen y reconocen el respaldo que les brind\u00f3 el Gobernador David Monreal \u00c1vila para sacar adelante a las comunidades de la sierra Esta calma y seguridad abre la posibilidad de seguir la fiesta, dijo [&hellip;]<\/p>\n","protected":false},"author":1,"featured_media":7866,"comment_status":"open","ping_status":"closed","sticky":false,"template":"","format":"standard","meta":{"footnotes":""},"categories":[7,9],"tags":[],"class_list":["post-7864","post","type-post","status-publish","format-standard","has-post-thumbnail","hentry","category-nacional","category-politica"],"_links":{"self":[{"href":"https:\/\/podernacional.com\/index.php?rest_route=\/wp\/v2\/posts\/7864","targetHints":{"allow":["GET"]}}],"collection":[{"href":"https:\/\/podernacional.com\/index.php?rest_route=\/wp\/v2\/posts"}],"about":[{"href":"https:\/\/podernacional.com\/index.php?rest_route=\/wp\/v2\/types\/post"}],"author":[{"embeddable":true,"href":"https:\/\/podernacional.com\/index.php?rest_route=\/wp\/v2\/users\/1"}],"replies":[{"embeddable":true,"href":"https:\/\/podernacional.com\/index.php?rest_route=%2Fwp%2Fv2%2Fcomments&post=7864"}],"version-history":[{"count":1,"href":"https:\/\/podernacional.com\/index.php?rest_route=\/wp\/v2\/posts\/7864\/revisions"}],"predecessor-version":[{"id":7865,"href":"https:\/\/podernacional.com\/index.php?rest_route=\/wp\/v2\/posts\/7864\/revisions\/7865"}],"wp:featuredmedia":[{"embeddable":true,"href":"https:\/\/podernacional.com\/index.php?rest_route=\/wp\/v2\/media\/7866"}],"wp:attachment":[{"href":"https:\/\/podernacional.com\/index.php?rest_route=%2Fwp%2Fv2%2Fmedia&parent=7864"}],"wp:term":[{"taxonomy":"category","embeddable":true,"href":"https:\/\/podernacional.com\/index.php?rest_route=%2Fwp%2Fv2%2Fcategories&post=7864"},{"taxonomy":"post_tag","embeddable":true,"href":"https:\/\/podernacional.com\/index.php?rest_route=%2Fwp%2Fv2%2Ftags&post=7864"}],"curies":[{"name":"wp","href":"https:\/\/api.w.org\/{rel}","templated":true}]}}