{"id":7869,"date":"2022-07-27T21:36:45","date_gmt":"2022-07-28T02:36:45","guid":{"rendered":"https:\/\/podernacional.com\/?p=7869"},"modified":"2022-07-28T02:36:46","modified_gmt":"2022-07-28T02:36:46","slug":"viruela-del-mono-secretaria-de-salud-reforzara-medidas-para-personas-que-viven-con-vih","status":"publish","type":"post","link":"https:\/\/podernacional.com\/?p=7869","title":{"rendered":"Viruela del Mono: Secretar\u00eda de Salud reforzar\u00e1 medidas para personas que viven con VIH"},"content":{"rendered":"<h4>El Conasida brindar\u00e1 informaci\u00f3n sobre la viruela del mono en personas con VIH.<\/h4>\n<p>Viruela del Mono: Organizaciones en defensa de las personas con VIH y personas de la comunidad LGBT+ piden vacunas contra la viruela del mono.<\/p>\n<p>La <a href=\"https:\/\/www.gob.mx\/salud\">Secretar\u00eda de Salud<\/a>, a trav\u00e9s del Consejo Nacional para la Prevenci\u00f3n y control del Sida (Conasida).<\/p>\n<p>Ha\u00a0informado\u00a0este mi\u00e9rcoles que ya se trabaja en medidas de protecci\u00f3n para personas que viven con VIH, ante los contagios de viruela del mono.<\/p>\n<p>La dependencia buscar\u00e1 brindar informaci\u00f3n cient\u00edfica para prevenir contagios de viruela del mono en personas que viven con VIH.<\/p>\n<p>\u201cLa informaci\u00f3n disponible para toda la poblaci\u00f3n, y que es relevante para quienes viven con VIH\u201d.<\/p>\n<p>\u201cSe centra en las medidas de prevenci\u00f3n comunitaria y su diferenciaci\u00f3n con otras infecciones de transmisi\u00f3n sexual (ITS) en cuanto al diagn\u00f3stico\u201d, se\u00f1al\u00f3 la autoridad.<\/p>\n<p>La Ssa record\u00f3 que la viruela del mono no ha sido reconocida ni descrita como una enfermedad de transmisi\u00f3n sexual.<\/p>\n<p>Sin embargo, el virus tiene la capacidad de transmitirse durante el contacto directo, como las relaciones sexuales.<\/p>\n<p>Por ello, Conasida promueve el uso de condones durante las relaciones \u00edntimas.<\/p>\n<p>El pasado 23 de julio, la Organizaci\u00f3n Mundial de la Salud (OMS) declar\u00f3 una emergencia internacional por el brote de viruela del mono.<\/p>\n<p>Luego de que se registraran 16 mil casos en 75 pa\u00edses. Solo cinco de esos casos fueron mortales.<\/p>\n<h4>La secretar\u00eda activ\u00f3 esta semana un portal de internet.<\/h4>\n<p>Donde se publicr\u00e1 informaci\u00f3n sobre s\u00edntomas, medidas preventivas y cuidados ante los contagios de esta enfermedad.<\/p>\n<p>\u2018Es muy dolorosa\u2019: Tiktoker narra c\u00f3mo se contagi\u00f3<\/p>\n<p>Al corte del 23 de julio, M\u00e9xico registr\u00f3 un total de 60 casos confirmados.<\/p>\n<p>De los cuales el Instituto de Diagn\u00f3stico y Referencia Epidemiol\u00f3gicos (InDRE) ha confirmado 59, distribuidos en 11 estados.<\/p>\n<p>Las medidas preventivas ante la viruela del mono son muy parecidas a las que ya se aplican por el COVID-19:<\/p>\n<p>Evitar el contacto f\u00edsico con personas infectadas, lavarse las manos regularmente, uso de cubrebocas, estornudo de etiqueta y aislamiento en caso de contagio.<\/p>\n<p>A estas acciones se suma el uso de cond\u00f3n al tener relaciones sexuales.<\/p>\n<p>La Secretar\u00eda de Salud a\u00f1adi\u00f3 que publicar\u00e1 m\u00e1s informaci\u00f3n para personas que viven con VIH en su portal viruela.salud.gob.mx.<\/p>\n","protected":false},"excerpt":{"rendered":"<p>El Conasida brindar\u00e1 informaci\u00f3n sobre la viruela del mono en personas con VIH. Viruela del Mono: Organizaciones en defensa de las personas con VIH y personas de la comunidad LGBT+ piden vacunas contra la viruela del mono. La Secretar\u00eda de Salud, a trav\u00e9s del Consejo Nacional para la Prevenci\u00f3n y control del Sida (Conasida). Ha\u00a0informado\u00a0este [&hellip;]<\/p>\n","protected":false},"author":1,"featured_media":7871,"comment_status":"open","ping_status":"closed","sticky":false,"template":"","format":"standard","meta":{"footnotes":""},"categories":[5,7,11],"tags":[],"class_list":["post-7869","post","type-post","status-publish","format-standard","has-post-thumbnail","hentry","category-internacional","category-nacional","category-salud"],"_links":{"self":[{"href":"https:\/\/podernacional.com\/index.php?rest_route=\/wp\/v2\/posts\/7869","targetHints":{"allow":["GET"]}}],"collection":[{"href":"https:\/\/podernacional.com\/index.php?rest_route=\/wp\/v2\/posts"}],"about":[{"href":"https:\/\/podernacional.com\/index.php?rest_route=\/wp\/v2\/types\/post"}],"author":[{"embeddable":true,"href":"https:\/\/podernacional.com\/index.php?rest_route=\/wp\/v2\/users\/1"}],"replies":[{"embeddable":true,"href":"https:\/\/podernacional.com\/index.php?rest_route=%2Fwp%2Fv2%2Fcomments&post=7869"}],"version-history":[{"count":1,"href":"https:\/\/podernacional.com\/index.php?rest_route=\/wp\/v2\/posts\/7869\/revisions"}],"predecessor-version":[{"id":7870,"href":"https:\/\/podernacional.com\/index.php?rest_route=\/wp\/v2\/posts\/7869\/revisions\/7870"}],"wp:featuredmedia":[{"embeddable":true,"href":"https:\/\/podernacional.com\/index.php?rest_route=\/wp\/v2\/media\/7871"}],"wp:attachment":[{"href":"https:\/\/podernacional.com\/index.php?rest_route=%2Fwp%2Fv2%2Fmedia&parent=7869"}],"wp:term":[{"taxonomy":"category","embeddable":true,"href":"https:\/\/podernacional.com\/index.php?rest_route=%2Fwp%2Fv2%2Fcategories&post=7869"},{"taxonomy":"post_tag","embeddable":true,"href":"https:\/\/podernacional.com\/index.php?rest_route=%2Fwp%2Fv2%2Ftags&post=7869"}],"curies":[{"name":"wp","href":"https:\/\/api.w.org\/{rel}","templated":true}]}}