{"id":787,"date":"2020-07-30T19:58:02","date_gmt":"2020-07-30T19:58:02","guid":{"rendered":"http:\/\/whatsappcancun.com\/?p=787"},"modified":"2020-07-30T19:58:02","modified_gmt":"2020-07-30T19:58:02","slug":"aveces-la-realidad-supera-a-la-ficcion-esta-vez-por-fortuna-de-manera-muy-tierna","status":"publish","type":"post","link":"https:\/\/podernacional.com\/?p=787","title":{"rendered":"Aveces la realidad supera a la ficci\u00f3n, esta vez -por fortuna- de manera muy tierna."},"content":{"rendered":"\n<p>Recientemente se viraliz\u00f3 en redes un&nbsp;<strong>adorable video<\/strong>&nbsp;que muestra a un cervantillo y a un conejo<strong>&nbsp;jugando en el bosque.<\/strong>&nbsp;S\u00ed, como en la pel\u00edcula de &#8216;Bambi&#8217;.<\/p>\n\n\n\n<figure class=\"wp-block-image\"><img decoding=\"async\" src=\"http:\/\/www.actitudfem.com\/files\/media\/files\/conejo-ciervo-amigos.jpg\" alt=\"\"\/><\/figure>\n\n\n\n<p>Esta escena que parece sacada de la pel\u00edcula de Disney fue captada por la fot\u00f3grafa Kelly Manis en Cowichan Valley, Canad\u00e1.<\/p>\n\n\n\n<p>En ella se puede ver al conejito negro saltar alegre alrededor del peque\u00f1o ciervo, como tratando de llamar su atenci\u00f3n.<\/p>\n\n\n\n<figure class=\"wp-block-image\"><img decoding=\"async\" src=\"http:\/\/www.actitudfem.com\/files\/media\/files\/bambi-y-tambor.gif\" alt=\"\"\/><\/figure>\n\n\n\n<p>De acuerdo con las declaraciones de la Manis al Daily Mail,&nbsp;<strong>esta no es la primera vez que ve jugar a esta inusual pareja de amigos.<\/strong>&nbsp;Sin embargo, fue<strong>&nbsp;hasta ahora que tuvo oportunidad de grabarlos.<\/strong><\/p>\n","protected":false},"excerpt":{"rendered":"<p>Recientemente se viraliz\u00f3 en redes un&nbsp;adorable video&nbsp;que muestra a un cervantillo y a un conejo&nbsp;jugando en el bosque.&nbsp;S\u00ed, como en la pel\u00edcula de &#8216;Bambi&#8217;. Esta escena que parece sacada de la pel\u00edcula de Disney fue captada por la fot\u00f3grafa Kelly Manis en Cowichan Valley, Canad\u00e1. En ella se puede ver al conejito negro saltar alegre [&hellip;]<\/p>\n","protected":false},"author":1,"featured_media":788,"comment_status":"open","ping_status":"open","sticky":false,"template":"","format":"standard","meta":{"footnotes":""},"categories":[12],"tags":[],"class_list":["post-787","post","type-post","status-publish","format-standard","has-post-thumbnail","hentry","category-sin-categoria"],"_links":{"self":[{"href":"https:\/\/podernacional.com\/index.php?rest_route=\/wp\/v2\/posts\/787","targetHints":{"allow":["GET"]}}],"collection":[{"href":"https:\/\/podernacional.com\/index.php?rest_route=\/wp\/v2\/posts"}],"about":[{"href":"https:\/\/podernacional.com\/index.php?rest_route=\/wp\/v2\/types\/post"}],"author":[{"embeddable":true,"href":"https:\/\/podernacional.com\/index.php?rest_route=\/wp\/v2\/users\/1"}],"replies":[{"embeddable":true,"href":"https:\/\/podernacional.com\/index.php?rest_route=%2Fwp%2Fv2%2Fcomments&post=787"}],"version-history":[{"count":0,"href":"https:\/\/podernacional.com\/index.php?rest_route=\/wp\/v2\/posts\/787\/revisions"}],"wp:featuredmedia":[{"embeddable":true,"href":"https:\/\/podernacional.com\/index.php?rest_route=\/wp\/v2\/media\/788"}],"wp:attachment":[{"href":"https:\/\/podernacional.com\/index.php?rest_route=%2Fwp%2Fv2%2Fmedia&parent=787"}],"wp:term":[{"taxonomy":"category","embeddable":true,"href":"https:\/\/podernacional.com\/index.php?rest_route=%2Fwp%2Fv2%2Fcategories&post=787"},{"taxonomy":"post_tag","embeddable":true,"href":"https:\/\/podernacional.com\/index.php?rest_route=%2Fwp%2Fv2%2Ftags&post=787"}],"curies":[{"name":"wp","href":"https:\/\/api.w.org\/{rel}","templated":true}]}}