{"id":7905,"date":"2022-07-29T19:07:06","date_gmt":"2022-07-30T00:07:06","guid":{"rendered":"https:\/\/podernacional.com\/?p=7905"},"modified":"2022-07-30T00:07:07","modified_gmt":"2022-07-30T00:07:07","slug":"seleccion-mexicana-de-futbol-americano-femenil-no-puede-viajar-a-finlandia-por-problemas-con-los-boletos","status":"publish","type":"post","link":"https:\/\/podernacional.com\/?p=7905","title":{"rendered":"Selecci\u00f3n mexicana de f\u00fatbol americano femenil no puede viajar a Finlandia por problemas con los boletos"},"content":{"rendered":"<h4>Ademas de que el primer partido del Mundial es el s\u00e1bado<\/h4>\n<p>Selecci\u00f3n mexicana de f\u00fatbol americana femenil sigue sin poder viajar a Finlandia para el Mundial y no llegar\u00eda a su primer partido.<\/p>\n<p>Con esto est\u00e1\u00a0programado para el s\u00e1bado 30, debido a problemas con el traslado.<\/p>\n<p>A inicio de semana, se hizo una rueda de prensa presentando al equipo.<\/p>\n<p>Entonces, se anunci\u00f3 que el plan era viajar el mi\u00e9rcoles a Helsinki, v\u00eda Madrid.<\/p>\n<p>Pero las jugadoras y el staff siguen en M\u00e9xico ya que no pudieron volar ese d\u00eda.<\/p>\n<p>Andrea Romero y Paulina D\u00edaz, integrantes de la selecci\u00f3n.<\/p>\n<p>Ademas de que hablaron durante un FacebookLive que la federaci\u00f3n no les ha brindado apoyo y dejaron a su suerte para buscar alternativas de viaje.<\/p>\n<p>\u00abLa indicaci\u00f3n fue &#8216;busca tu vuelo y lo encuentras, yo llego con la tarjeta y pago&#8217;.<\/p>\n<p>Todos estamos buscando, no es algo que estemos fingiendo.<\/p>\n<p>Desafortunadamente se nos aviso de esto hace un par de horas\u00bb, dijeron en el Live hecho desde el CNAR.<\/p>\n<h4>Lugar donde hizo su preparaci\u00f3n la selecci\u00f3n y sitio desde el cual buscan solucionar el problema de traslado.<\/h4>\n<p>El viernes, en otra transmisi\u00f3n, Andrea Romero dijo que C\u00e9sar Barrera, presidente de la Federaci\u00f3n Mexicana de F\u00fatbol Americano.<\/p>\n<p>Ademas de que\u00a0contact\u00f3 al equipo para decir que no ten\u00edan presupuesto para comprar los vuelos.<\/p>\n<p>Dicha situaci\u00f3n que contrasta con una declaraci\u00f3n que el mismo Barrera dijo el mi\u00e9rcoles.<\/p>\n<p>Donde pas\u00f3 la responsabilidad a la aerol\u00ednea Lufthansa, la cual entr\u00f3 en huelga y afect\u00f3 m\u00faltiples vuelos.<\/p>\n<p>Ser\u00eda la segunda participaci\u00f3n de M\u00e9xico en un mundial femenil, luego de ser terceras en su primera aparici\u00f3n en el 2017.<\/p>\n<p>Su primer partido era ante Gran Breta\u00f1a, el s\u00e1bado a las 10:00 horas tiempo local (2:00 am de la CDMX).<\/p>\n<p>La organizaci\u00f3n ya anunci\u00f3 que la selecci\u00f3n no podr\u00e1 llegar al partido, que ser\u00eda el inaugural del torneo.<\/p>\n<p>Aunque no han dicho si se cancelar\u00e1 o se reprogramar\u00e1, esperando noticias de la situaci\u00f3n de las mexicanas.<\/p>\n<p>Por ende, La Selecci\u00f3n mexicana de f\u00fatbol americano femenil no viajar\u00e1 a Finlandia<\/p>\n","protected":false},"excerpt":{"rendered":"<p>Ademas de que el primer partido del Mundial es el s\u00e1bado Selecci\u00f3n mexicana de f\u00fatbol americana femenil sigue sin poder viajar a Finlandia para el Mundial y no llegar\u00eda a su primer partido. Con esto est\u00e1\u00a0programado para el s\u00e1bado 30, debido a problemas con el traslado. A inicio de semana, se hizo una rueda de [&hellip;]<\/p>\n","protected":false},"author":1,"featured_media":7907,"comment_status":"open","ping_status":"closed","sticky":false,"template":"","format":"standard","meta":{"footnotes":""},"categories":[3,7],"tags":[],"class_list":["post-7905","post","type-post","status-publish","format-standard","has-post-thumbnail","hentry","category-deportes","category-nacional"],"_links":{"self":[{"href":"https:\/\/podernacional.com\/index.php?rest_route=\/wp\/v2\/posts\/7905","targetHints":{"allow":["GET"]}}],"collection":[{"href":"https:\/\/podernacional.com\/index.php?rest_route=\/wp\/v2\/posts"}],"about":[{"href":"https:\/\/podernacional.com\/index.php?rest_route=\/wp\/v2\/types\/post"}],"author":[{"embeddable":true,"href":"https:\/\/podernacional.com\/index.php?rest_route=\/wp\/v2\/users\/1"}],"replies":[{"embeddable":true,"href":"https:\/\/podernacional.com\/index.php?rest_route=%2Fwp%2Fv2%2Fcomments&post=7905"}],"version-history":[{"count":1,"href":"https:\/\/podernacional.com\/index.php?rest_route=\/wp\/v2\/posts\/7905\/revisions"}],"predecessor-version":[{"id":7906,"href":"https:\/\/podernacional.com\/index.php?rest_route=\/wp\/v2\/posts\/7905\/revisions\/7906"}],"wp:featuredmedia":[{"embeddable":true,"href":"https:\/\/podernacional.com\/index.php?rest_route=\/wp\/v2\/media\/7907"}],"wp:attachment":[{"href":"https:\/\/podernacional.com\/index.php?rest_route=%2Fwp%2Fv2%2Fmedia&parent=7905"}],"wp:term":[{"taxonomy":"category","embeddable":true,"href":"https:\/\/podernacional.com\/index.php?rest_route=%2Fwp%2Fv2%2Fcategories&post=7905"},{"taxonomy":"post_tag","embeddable":true,"href":"https:\/\/podernacional.com\/index.php?rest_route=%2Fwp%2Fv2%2Ftags&post=7905"}],"curies":[{"name":"wp","href":"https:\/\/api.w.org\/{rel}","templated":true}]}}