{"id":7908,"date":"2022-07-29T19:12:46","date_gmt":"2022-07-30T00:12:46","guid":{"rendered":"https:\/\/podernacional.com\/?p=7908"},"modified":"2022-07-30T00:12:49","modified_gmt":"2022-07-30T00:12:49","slug":"promociona-gobierno-de-zacatecas-al-estado-durante-el-festival-mxlan-2022-en-mcallen-texas","status":"publish","type":"post","link":"https:\/\/podernacional.com\/?p=7908","title":{"rendered":"Promociona Gobierno de Zacatecas al estado durante el Festival \u201cMXLAN 2022\u201d, en McAllen Texas"},"content":{"rendered":"<h4>Se dar\u00e1 a conocer la programaci\u00f3n del Festival Zacatecas Internacional del Folclor 2022 y la FENAZA 2022<\/h4>\n<p>Festival \u201cMXLAN 2022\u201d: Esperan llegar a m\u00e1s de 25 mil personas que acudir\u00edan a este evento internacional<\/p>\n<p>Como parte de la promoci\u00f3n del destino Zacatecas que el Gobierno de David Monreal \u00c1vila realiza para fortalecer uno de los ejes tractores del desarrollo.<\/p>\n<p>La entidad est\u00e1 presente en el \u201cMXLAN, Sabor a M\u00e9xico Food Festival 2022\u201d.<\/p>\n<p>Ademas de que el evento que proyecta reunir a m\u00e1s de 25 mil asistentes en el valle de Texas, en la Uni\u00f3n Americana.<\/p>\n<p>La Secretar\u00eda de Turismo estar\u00e1 participando, del 27 al 31 de julio del presente a\u00f1o.<\/p>\n<p>En uno de los festivales internacionales m\u00e1s importantes de Texas, en Estados Unidos de Norteam\u00e9rica.<\/p>\n<p>Para dar a conocer las ra\u00edces mexicanas, con un stand para proporcionar informaci\u00f3n sobre oferta hotelera, atractivos.<\/p>\n<p>As\u00ed como de experiencias tur\u00edsticas, restaurantes, pueblos m\u00e1gicos, vuelos y dem\u00e1s sitios de inter\u00e9s en Zacatecas.<\/p>\n<p>Al respecto, Le Roy Barrag\u00e1n Ocampo, Secretario de Turismo, detall\u00f3 que la participaci\u00f3n del estado en el festival \u201cMXLAM 2022\u201d.<\/p>\n<h4>Ademas de que\u00a0representa una excelente oportunidad para dar a conocer el programa de la Feria Nacional de Zacatecas edici\u00f3n 2022.<\/h4>\n<p>As\u00ed como las actividades del Festival Zacatecas Internacional del Folclor 2022.<\/p>\n<p>Dichos eventos que luego de dos a\u00f1os de no llevarse acabo regresan con atractivos para deleite de todos los gustos y edades.<\/p>\n<p>El funcionario coment\u00f3 que durante el \u201cMXLAM 2022\u201d se sostendr\u00e1n mesas y reuniones de trabajo con empresarios mexicanos y extranjeros.<\/p>\n<p>Los cuales\u00a0busca nuevos mercados para la promoci\u00f3n del destino Zacatecas; asimismo, se buscar\u00e1 estrechar lazos con los zacatecanos.<\/p>\n<p>Ademas de que radican en esta parte de Estados Unidos para que, cuando regresen a su tierra natal, lo hagan en compa\u00f1\u00eda de su familia y amigos.<\/p>\n<p>Para as\u00ed disfrutar de todo lo que ofrece la entidad en materia tur\u00edstica.<\/p>\n<p>El \u201cMXLAN 2022\u201d es el festival interactivo de arte y cultura que celebra la herencia de M\u00e9xico y Am\u00e9rica Latina.<\/p>\n<p>Durante cinco d\u00edas ofrecer\u00e1 una serie de exhibiciones, actuaciones musicales, festivales gastron\u00f3micos, culturales y feriales de los estados participantes.<\/p>\n<p>Esta actividad se realiza a trav\u00e9s de la C\u00e1mara de Comercio de McAllen.<\/p>\n<p>En coordinaci\u00f3n con la ciudad de McAllen, en el Centro de Convenciones de esta ciudad.<\/p>\n<p>Con esto, Zacatecas promociona al estado en el Festival \u201cMXLAN 2022\u201d, en McAllen<\/p>\n","protected":false},"excerpt":{"rendered":"<p>Se dar\u00e1 a conocer la programaci\u00f3n del Festival Zacatecas Internacional del Folclor 2022 y la FENAZA 2022 Festival \u201cMXLAN 2022\u201d: Esperan llegar a m\u00e1s de 25 mil personas que acudir\u00edan a este evento internacional Como parte de la promoci\u00f3n del destino Zacatecas que el Gobierno de David Monreal \u00c1vila realiza para fortalecer uno de los [&hellip;]<\/p>\n","protected":false},"author":1,"featured_media":7910,"comment_status":"open","ping_status":"closed","sticky":false,"template":"","format":"standard","meta":{"footnotes":""},"categories":[4,7],"tags":[],"class_list":["post-7908","post","type-post","status-publish","format-standard","has-post-thumbnail","hentry","category-espectaculos","category-nacional"],"_links":{"self":[{"href":"https:\/\/podernacional.com\/index.php?rest_route=\/wp\/v2\/posts\/7908","targetHints":{"allow":["GET"]}}],"collection":[{"href":"https:\/\/podernacional.com\/index.php?rest_route=\/wp\/v2\/posts"}],"about":[{"href":"https:\/\/podernacional.com\/index.php?rest_route=\/wp\/v2\/types\/post"}],"author":[{"embeddable":true,"href":"https:\/\/podernacional.com\/index.php?rest_route=\/wp\/v2\/users\/1"}],"replies":[{"embeddable":true,"href":"https:\/\/podernacional.com\/index.php?rest_route=%2Fwp%2Fv2%2Fcomments&post=7908"}],"version-history":[{"count":1,"href":"https:\/\/podernacional.com\/index.php?rest_route=\/wp\/v2\/posts\/7908\/revisions"}],"predecessor-version":[{"id":7909,"href":"https:\/\/podernacional.com\/index.php?rest_route=\/wp\/v2\/posts\/7908\/revisions\/7909"}],"wp:featuredmedia":[{"embeddable":true,"href":"https:\/\/podernacional.com\/index.php?rest_route=\/wp\/v2\/media\/7910"}],"wp:attachment":[{"href":"https:\/\/podernacional.com\/index.php?rest_route=%2Fwp%2Fv2%2Fmedia&parent=7908"}],"wp:term":[{"taxonomy":"category","embeddable":true,"href":"https:\/\/podernacional.com\/index.php?rest_route=%2Fwp%2Fv2%2Fcategories&post=7908"},{"taxonomy":"post_tag","embeddable":true,"href":"https:\/\/podernacional.com\/index.php?rest_route=%2Fwp%2Fv2%2Ftags&post=7908"}],"curies":[{"name":"wp","href":"https:\/\/api.w.org\/{rel}","templated":true}]}}