{"id":7911,"date":"2022-07-29T19:34:18","date_gmt":"2022-07-30T00:34:18","guid":{"rendered":"https:\/\/podernacional.com\/?p=7911"},"modified":"2022-07-30T00:34:20","modified_gmt":"2022-07-30T00:34:20","slug":"dia-internacional-de-la-amistad-cual-es-su-historia-y-por-que-se-celebra-el-30-de-julio","status":"publish","type":"post","link":"https:\/\/podernacional.com\/?p=7911","title":{"rendered":"D\u00eda internacional de la Amistad: \u00bfcu\u00e1l es su historia y por qu\u00e9 se celebra el 30 de julio?"},"content":{"rendered":"<h4>El D\u00eda Internacional de la Amistad se celebra este 30 de julio con el objetivo de promover la solidaridad y comprensi\u00f3n mutua<\/h4>\n<p>Este s\u00e1bado 30 de julio se celebra el D\u00eda Internacional de la Amistad.<\/p>\n<p>A\u00a0pesar de que los amigos son de las personas m\u00e1s importantes a lo largo de la vida.<\/p>\n<p>As\u00ed como el origen y la historia de esta fecha son muy poco conocidas.<\/p>\n<p>Es importante aclarar que este es diferente al D\u00eda del Amor y la Amistad, pues la celebraci\u00f3n va m\u00e1s all\u00e1 de los v\u00ednculos sentimentales.<\/p>\n<p>Ya que se centra en valores como la empat\u00eda, respeto e inclusi\u00f3n que se presentan en las relaciones de amistad.<\/p>\n<p>Origen del D\u00eda Internacional de la Amistad<\/p>\n<p>El origen del D\u00eda Internacional de la Amistad data de 1988 cuando durante la Asamblea General de la Organizaci\u00f3n de las Naciones Unidas (ONU).<\/p>\n<p>La cual\u00a0se reconoci\u00f3 el enorme da\u00f1o que los ni\u00f1os viven por situaciones de violencia.<\/p>\n<p>De esta forma, pusieron sobre la mesa la importancia de promover la cultura de la paz y la cooperaci\u00f3n.<\/p>\n<p>Por medio de la educaci\u00f3n y los valores que est\u00e1n presentes en la amistad.<\/p>\n<p>En 1997 esta iniciativa fue retomada nuevamente por la Organizaci\u00f3n de las Naciones Unidas para la Educaci\u00f3n, la Ciencia y la Cultura (UNESCO).<\/p>\n<p>As\u00ed como de estar\u00a0proponiendo as\u00ed la celebraci\u00f3n con el objetivo de fomentar la amistad para la construcci\u00f3n de la paz.<\/p>\n<h4>\u00bfPor qu\u00e9 se celebra el 30 de julio?<\/h4>\n<p>Pero, fue hasta el 2011 que el D\u00eda Internacional de la Amistad fue definido y se instaur\u00f3 la celebraci\u00f3n el 30 julio.<\/p>\n<p>Con la idea de contribuir al di\u00e1logo, solidaridad, comprensi\u00f3n mutua, inclusi\u00f3n y respeto.<\/p>\n<p>Pues la Comisi\u00f3n Nacional de los Derechos Humanos (CNDH) se\u00f1ala que:<\/p>\n<p>\u201cLos problemas que figuran en la agenda internacional de la actualidad como: la pobreza, la violencia y los abusos de los derechos humano\u201d.<\/p>\n<p>\u201cAdemas, tienen en com\u00fan la falta de respeto por normas y valores fundamentales\u201d.<\/p>\n<p>De esta manera se instaur\u00f3 este d\u00eda con el objetivo de que la amistad entre los pueblos, los pa\u00edses, las culturas.<\/p>\n<p>Ademas de\u00a0las personas puede inspirar iniciativas de paz y presenta una oportunidad de tender puentes entre las comunidades.<\/p>\n<p>As\u00ed, el exsecretario General de las Naciones Unidas, Ban Ki- moon, dijo sobre este d\u00eda:<\/p>\n<p>\u201cLa amistad es un placer que aporta felicidad y una sensaci\u00f3n de bienestar, misma que estrecha lazos de camarader\u00eda en todo el mundo\u201d.<\/p>\n<p>\u201cHecho que puede contribuir a generar cambios fundamentales\u201d.<\/p>\n","protected":false},"excerpt":{"rendered":"<p>El D\u00eda Internacional de la Amistad se celebra este 30 de julio con el objetivo de promover la solidaridad y comprensi\u00f3n mutua Este s\u00e1bado 30 de julio se celebra el D\u00eda Internacional de la Amistad. A\u00a0pesar de que los amigos son de las personas m\u00e1s importantes a lo largo de la vida. As\u00ed como el [&hellip;]<\/p>\n","protected":false},"author":1,"featured_media":7913,"comment_status":"open","ping_status":"closed","sticky":false,"template":"","format":"standard","meta":{"footnotes":""},"categories":[2,5],"tags":[],"class_list":["post-7911","post","type-post","status-publish","format-standard","has-post-thumbnail","hentry","category-cultural","category-internacional"],"_links":{"self":[{"href":"https:\/\/podernacional.com\/index.php?rest_route=\/wp\/v2\/posts\/7911","targetHints":{"allow":["GET"]}}],"collection":[{"href":"https:\/\/podernacional.com\/index.php?rest_route=\/wp\/v2\/posts"}],"about":[{"href":"https:\/\/podernacional.com\/index.php?rest_route=\/wp\/v2\/types\/post"}],"author":[{"embeddable":true,"href":"https:\/\/podernacional.com\/index.php?rest_route=\/wp\/v2\/users\/1"}],"replies":[{"embeddable":true,"href":"https:\/\/podernacional.com\/index.php?rest_route=%2Fwp%2Fv2%2Fcomments&post=7911"}],"version-history":[{"count":1,"href":"https:\/\/podernacional.com\/index.php?rest_route=\/wp\/v2\/posts\/7911\/revisions"}],"predecessor-version":[{"id":7912,"href":"https:\/\/podernacional.com\/index.php?rest_route=\/wp\/v2\/posts\/7911\/revisions\/7912"}],"wp:featuredmedia":[{"embeddable":true,"href":"https:\/\/podernacional.com\/index.php?rest_route=\/wp\/v2\/media\/7913"}],"wp:attachment":[{"href":"https:\/\/podernacional.com\/index.php?rest_route=%2Fwp%2Fv2%2Fmedia&parent=7911"}],"wp:term":[{"taxonomy":"category","embeddable":true,"href":"https:\/\/podernacional.com\/index.php?rest_route=%2Fwp%2Fv2%2Fcategories&post=7911"},{"taxonomy":"post_tag","embeddable":true,"href":"https:\/\/podernacional.com\/index.php?rest_route=%2Fwp%2Fv2%2Ftags&post=7911"}],"curies":[{"name":"wp","href":"https:\/\/api.w.org\/{rel}","templated":true}]}}