{"id":7923,"date":"2022-07-29T20:36:06","date_gmt":"2022-07-30T01:36:06","guid":{"rendered":"https:\/\/podernacional.com\/?p=7923"},"modified":"2022-07-30T01:36:08","modified_gmt":"2022-07-30T01:36:08","slug":"activistas-piden-vacunas-contra-la-viruela-simica-para-personas-con-vih","status":"publish","type":"post","link":"https:\/\/podernacional.com\/?p=7923","title":{"rendered":"Activistas piden vacunas contra la viruela s\u00edmica para personas con VIH"},"content":{"rendered":"<h4>Organizaciones civiles han hecho un llamado para reforzar las medidas de prevenci\u00f3n entre estos grupos de poblaci\u00f3n.<\/h4>\n<p>Activistas: Piden organizaciones de lucha contra el VIH vacunas contra la viruela s\u00edmica.<\/p>\n<p>Activistas de la lucha contra el VIH en Quintana Roo pidieron que los pacientes seropositivos tengan acceso a la vacuna contra la viruela s\u00edmica.<\/p>\n<p>Ya que debido al riesgo que tienen de presentar complicaciones y de muerte.<\/p>\n<p>Edgar Mora Uc\u00e1n, presidente de C\u00edrculo Social Igualitario, explic\u00f3 que al tener un sistema inmunol\u00f3gico comprometido.<\/p>\n<p>Hacia las personas que viven con el virus est\u00e1n propensas a hospitalizaciones.<\/p>\n<p>\u201cM\u00e1s de 165 organizaciones civiles hemos hecho posicionamientos a la Secretar\u00eda de Salud Federal\u201d.<\/p>\n<p>\u201cCon la finalidad de que la compra de las vacunas se realice conforme al procedimiento\u201d.<\/p>\n<p>\u201cSabemos que hay dos vacunas y que la enfermedad est\u00e1 focalizada en cierta poblaci\u00f3n\u201d, dijo.<\/p>\n<p>La Organizaci\u00f3n Mundial de la Salud (OMS) indica que a trav\u00e9s de varios estudios de observaci\u00f3n.<\/p>\n<p>Se demostr\u00f3 que la eficacia de la vacunaci\u00f3n contra la viruela en la prevenci\u00f3n de la viruela s\u00edmica es de alrededor del 85%.<\/p>\n<p>Quintana Roo, entre los estados con el \u00edndice m\u00e1s alto de VIH<\/p>\n<p>De igual manera, Mora Uc\u00e1n se\u00f1al\u00f3 que la preocupaci\u00f3n radica en que Quintana Roo.<\/p>\n<h4>Es uno de los estados que tiene el \u00edndice m\u00e1s alto de VIH.<\/h4>\n<p>Con una tasa de 14.73 por cada 100 mil habitantes, quedando por debajo de la Ciudad de M\u00e9xico (33.62), que ostenta el primer lugar.<\/p>\n<p>La Secretar\u00eda de Salud federal, desde 1983 se tiene un registro de m\u00e1s de nueve mil diagn\u00f3sticos.<\/p>\n<p>De los cuales 265 fueron realizados durante el primer trimestre del 2022.<\/p>\n<p>Del total de pacientes detectados en los \u00faltimos 39 a\u00f1os, el 82% fueron hombres.<\/p>\n<p>Sin embargo, el entrevistado mencion\u00f3 que la medida no abarcar\u00eda solo para hombres que tienen sexo con otros hombres.<\/p>\n<p>Debido a que se caer\u00eda en un estigma, sino lo que se busca es que proteger a todas las personas que viven con VIH.<\/p>\n<p>Mientras tanto, organizaciones civiles han hecho un llamado para reforzar las medidas de prevenci\u00f3n entre estos grupos de poblaci\u00f3n.<\/p>\n<p>As\u00ed como apegarse a su tratamiento para que en caso de contraer el virus de la viruela s\u00edmica, los efectos no terminen en complicaciones.<\/p>\n","protected":false},"excerpt":{"rendered":"<p>Organizaciones civiles han hecho un llamado para reforzar las medidas de prevenci\u00f3n entre estos grupos de poblaci\u00f3n. Activistas: Piden organizaciones de lucha contra el VIH vacunas contra la viruela s\u00edmica. Activistas de la lucha contra el VIH en Quintana Roo pidieron que los pacientes seropositivos tengan acceso a la vacuna contra la viruela s\u00edmica. Ya [&hellip;]<\/p>\n","protected":false},"author":1,"featured_media":7925,"comment_status":"open","ping_status":"closed","sticky":false,"template":"","format":"standard","meta":{"footnotes":""},"categories":[10,11],"tags":[],"class_list":["post-7923","post","type-post","status-publish","format-standard","has-post-thumbnail","hentry","category-quintana-roo","category-salud"],"_links":{"self":[{"href":"https:\/\/podernacional.com\/index.php?rest_route=\/wp\/v2\/posts\/7923","targetHints":{"allow":["GET"]}}],"collection":[{"href":"https:\/\/podernacional.com\/index.php?rest_route=\/wp\/v2\/posts"}],"about":[{"href":"https:\/\/podernacional.com\/index.php?rest_route=\/wp\/v2\/types\/post"}],"author":[{"embeddable":true,"href":"https:\/\/podernacional.com\/index.php?rest_route=\/wp\/v2\/users\/1"}],"replies":[{"embeddable":true,"href":"https:\/\/podernacional.com\/index.php?rest_route=%2Fwp%2Fv2%2Fcomments&post=7923"}],"version-history":[{"count":1,"href":"https:\/\/podernacional.com\/index.php?rest_route=\/wp\/v2\/posts\/7923\/revisions"}],"predecessor-version":[{"id":7924,"href":"https:\/\/podernacional.com\/index.php?rest_route=\/wp\/v2\/posts\/7923\/revisions\/7924"}],"wp:featuredmedia":[{"embeddable":true,"href":"https:\/\/podernacional.com\/index.php?rest_route=\/wp\/v2\/media\/7925"}],"wp:attachment":[{"href":"https:\/\/podernacional.com\/index.php?rest_route=%2Fwp%2Fv2%2Fmedia&parent=7923"}],"wp:term":[{"taxonomy":"category","embeddable":true,"href":"https:\/\/podernacional.com\/index.php?rest_route=%2Fwp%2Fv2%2Fcategories&post=7923"},{"taxonomy":"post_tag","embeddable":true,"href":"https:\/\/podernacional.com\/index.php?rest_route=%2Fwp%2Fv2%2Ftags&post=7923"}],"curies":[{"name":"wp","href":"https:\/\/api.w.org\/{rel}","templated":true}]}}