{"id":7926,"date":"2022-07-29T20:41:58","date_gmt":"2022-07-30T01:41:58","guid":{"rendered":"https:\/\/podernacional.com\/?p=7926"},"modified":"2022-07-30T01:42:00","modified_gmt":"2022-07-30T01:42:00","slug":"amlo-supervisara-este-fin-de-semana-obras-del-tren-maya","status":"publish","type":"post","link":"https:\/\/podernacional.com\/?p=7926","title":{"rendered":"AMLO supervisar\u00e1 este fin de semana obras del Tren Maya"},"content":{"rendered":"<h4>El Presidente de M\u00e9xico afirm\u00f3 que viajar\u00e1 a Villahermosa, Tabasco y de ah\u00ed a Palenque, Chiapas, donde supervisar\u00e1 el Tramo 1 del Tren Maya<\/h4>\n<p>Tren Maya en M\u00e9xico.-El Presidente de M\u00e9xico, <a href=\"https:\/\/twitter.com\/lopezobrador_\">Andr\u00e9s Manuel L\u00f3pez Obrador<\/a>, inform\u00f3 durante la \u00abma\u00f1anera\u00bb.<\/p>\n<p>De que hoy que este s\u00e1bado supervisar\u00e1 los trabajos de construcci\u00f3n del Tramo 5 del Tren Maya.<\/p>\n<p>El cual menciona que estaba suspendido por amparos presentados por ambientalistas, pero fue declarado como obra de seguridad nacional.<\/p>\n<p>\u00abDescansamos en M\u00e9rida hoy y ma\u00f1ana hacemos de M\u00e9rida a Canc\u00fan Tramo 4 y vamos de Canc\u00fan a Tul\u00fam, el Tramo 5.<\/p>\n<p>Ademas del tramo norte y tramo sur, donde est\u00e1 trabaj\u00e1ndose y se declar\u00f3 de seguridad nacional\u00bb.<\/p>\n<p>En Palacio Nacional, L\u00f3pez Obrador explic\u00f3 que como parte de su gira de trabajo de fin de semana se trasladar\u00eda esta ma\u00f1ana a<\/p>\n<p>Villahermosa, Tabasco y de ah\u00ed a Palenque, Chiapas, a supervisar el Tramo 1 del Tren Maya.<\/p>\n<p>Luego a Esc\u00e1rcega, Tramo 2, y luego M\u00e9rida, Tramo 3 y 4.<\/p>\n<p>\u201cEl domingo vamos a iniciar obras en Canc\u00fan, el puente que va a comunicar la zona tur\u00edstica con Canc\u00fan\u201d.<\/p>\n<p>\u201cCon un puente de casi 10 kil\u00f3metros sobre la laguna, es una inversi\u00f3n de ocho mil millones de pesos ya se est\u00e1 trabajando\u00bb, adelant\u00f3.<\/p>\n<p>L\u00f3pez Obrador record\u00f3 que ese puente estaba proyectado a hacerlo de paga, pero se decidi\u00f3 hacerlo con presupuesto p\u00fablico.<\/p>\n<p>Porque es un reconocimiento al pueblo de Quintana Roo.<\/p>\n<p>En especial a la gente de Canc\u00fan que le han dado trabajo a mucha gente de todo el pa\u00eds sobre todo en el periodo neoliberal.<\/p>\n<p>\u201cLa gente de Canc\u00fan, los originarios de Quintana Roo se han portado siempre muy solidarios y fraternos\u201d.<\/p>\n<p>\u201cEs una inversi\u00f3n para devolverles un poco de lo que han dado al pa\u00eds\u201d.<\/p>\n<p>\u201cImag\u00ednense es un centro tur\u00edstico que maneja, solo su aeropuerto 600 vuelos diarios que llegan de todo el mundo, turistas, lo que ha significado\u00bb, dijo.<\/p>\n","protected":false},"excerpt":{"rendered":"<p>El Presidente de M\u00e9xico afirm\u00f3 que viajar\u00e1 a Villahermosa, Tabasco y de ah\u00ed a Palenque, Chiapas, donde supervisar\u00e1 el Tramo 1 del Tren Maya Tren Maya en M\u00e9xico.-El Presidente de M\u00e9xico, Andr\u00e9s Manuel L\u00f3pez Obrador, inform\u00f3 durante la \u00abma\u00f1anera\u00bb. De que hoy que este s\u00e1bado supervisar\u00e1 los trabajos de construcci\u00f3n del Tramo 5 del Tren [&hellip;]<\/p>\n","protected":false},"author":1,"featured_media":0,"comment_status":"open","ping_status":"closed","sticky":false,"template":"","format":"standard","meta":{"footnotes":""},"categories":[6,9,10],"tags":[],"class_list":["post-7926","post","type-post","status-publish","format-standard","hentry","category-local","category-politica","category-quintana-roo"],"_links":{"self":[{"href":"https:\/\/podernacional.com\/index.php?rest_route=\/wp\/v2\/posts\/7926","targetHints":{"allow":["GET"]}}],"collection":[{"href":"https:\/\/podernacional.com\/index.php?rest_route=\/wp\/v2\/posts"}],"about":[{"href":"https:\/\/podernacional.com\/index.php?rest_route=\/wp\/v2\/types\/post"}],"author":[{"embeddable":true,"href":"https:\/\/podernacional.com\/index.php?rest_route=\/wp\/v2\/users\/1"}],"replies":[{"embeddable":true,"href":"https:\/\/podernacional.com\/index.php?rest_route=%2Fwp%2Fv2%2Fcomments&post=7926"}],"version-history":[{"count":1,"href":"https:\/\/podernacional.com\/index.php?rest_route=\/wp\/v2\/posts\/7926\/revisions"}],"predecessor-version":[{"id":7927,"href":"https:\/\/podernacional.com\/index.php?rest_route=\/wp\/v2\/posts\/7926\/revisions\/7927"}],"wp:attachment":[{"href":"https:\/\/podernacional.com\/index.php?rest_route=%2Fwp%2Fv2%2Fmedia&parent=7926"}],"wp:term":[{"taxonomy":"category","embeddable":true,"href":"https:\/\/podernacional.com\/index.php?rest_route=%2Fwp%2Fv2%2Fcategories&post=7926"},{"taxonomy":"post_tag","embeddable":true,"href":"https:\/\/podernacional.com\/index.php?rest_route=%2Fwp%2Fv2%2Ftags&post=7926"}],"curies":[{"name":"wp","href":"https:\/\/api.w.org\/{rel}","templated":true}]}}