{"id":7931,"date":"2022-07-30T20:31:46","date_gmt":"2022-07-31T01:31:46","guid":{"rendered":"https:\/\/podernacional.com\/?p=7931"},"modified":"2022-07-31T01:31:47","modified_gmt":"2022-07-31T01:31:47","slug":"celebra-diputada-la-realizacion-del-festival-del-folclor","status":"publish","type":"post","link":"https:\/\/podernacional.com\/?p=7931","title":{"rendered":"Celebra diputada la realizaci\u00f3n del Festival del Folclor"},"content":{"rendered":"<h4>La diputada Mar\u00eda del Mar De \u00c1vila Ibarg\u00fcengoytia celebr\u00f3 que en el actual contexto que vive la entidad.<\/h4>\n<p>Festival del Folclor: Se privilegie la cultura y el arte con la realizaci\u00f3n de la 25 edici\u00f3n del Festival Zacatecas del Folclor Internacional.<\/p>\n<p>El cual va a celebrarse del 31 de julio al 7 de agosto.<\/p>\n<p>\u201cLa apuesta por este festival es un llamado para que este tipo de actividades se privilegien sobre todo en tiempos de desesperanza para los zacatecanos\u201d.<\/p>\n<p>La presidenta de la Comisi\u00f3n de Cultura de la LXIV Legislatura, se\u00f1al\u00f3 que tras dos a\u00f1os de pandemia por la emergencia sanitaria por Covid-19.<\/p>\n<p>El Festival del Folclor mantiene su esencia a 20 a\u00f1os de su fundaci\u00f3n, y record\u00f3 que Gustavo Vaquera como gestor cultural.<\/p>\n<p>Ademas de\u00a0fundador de esta fiesta del baile y las culturas del mundo, ha logrado posicionarse como uno de los festivales m\u00e1s esperados.<\/p>\n<p>As\u00ed como\u00a0de gran arraigo entre el turismo nacional y los propios zacatecanos y zacatecanas que disfrutan de las galas danc\u00edsticas.<\/p>\n<h4>Los cuales inundan de color y alergia del Centro Hist\u00f3rico de la ciudad.<\/h4>\n<p>De \u00c1vila Ibarg\u00fcengoytia reconoci\u00f3 a Mar\u00eda de Jes\u00fas Mu\u00f1oz Reyes, directora del Instituto Zacatecano de Cultura (IZC).<\/p>\n<p>Ademas de\u00a0impulsar y mantener estas actividades que en esta edici\u00f3n contar\u00e1 con 10 secciones de programaci\u00f3n.<\/p>\n<p>Entonces con muestras gastron\u00f3micas, presentaciones art\u00edsticas y la extensi\u00f3n a 12 municipios incluidos Guadalupe y Zacatecas.<\/p>\n<p>\u201cEste festival que surge en el marco de la conmemoraci\u00f3n por el 450 aniversario de la fundaci\u00f3n de Zacatecas.<\/p>\n<p>En estos tiempos convulsos representa un aliciente para la sociedad que siempre encontrar\u00e1 en la cultura y el arte una br\u00fajula para dar sentido.<\/p>\n<p>Ademas de un\u00a0rumbo a la vida por ca\u00f3tica que se presente\u201d, se\u00f1al\u00f3.<\/p>\n<p>La diputada panista asegur\u00f3 que desde la Legislatura se trabaja por impulsar mejores presupuestos para la cultura.q<\/p>\n<p>Que el actual trabajo que se realiza desde el IZC es una muestra clara de suma de voluntades para fortalecer la Red Estatal de Festivales.<\/p>\n<p>As\u00ed como de proyectos que dinamicen y fortalezcan este importante sector, adem\u00e1s del tur\u00edstico y econ\u00f3mico en la entidad.<\/p>\n","protected":false},"excerpt":{"rendered":"<p>La diputada Mar\u00eda del Mar De \u00c1vila Ibarg\u00fcengoytia celebr\u00f3 que en el actual contexto que vive la entidad. Festival del Folclor: Se privilegie la cultura y el arte con la realizaci\u00f3n de la 25 edici\u00f3n del Festival Zacatecas del Folclor Internacional. El cual va a celebrarse del 31 de julio al 7 de agosto. \u201cLa [&hellip;]<\/p>\n","protected":false},"author":1,"featured_media":7933,"comment_status":"open","ping_status":"closed","sticky":false,"template":"","format":"standard","meta":{"footnotes":""},"categories":[2,5,7],"tags":[],"class_list":["post-7931","post","type-post","status-publish","format-standard","has-post-thumbnail","hentry","category-cultural","category-internacional","category-nacional"],"_links":{"self":[{"href":"https:\/\/podernacional.com\/index.php?rest_route=\/wp\/v2\/posts\/7931","targetHints":{"allow":["GET"]}}],"collection":[{"href":"https:\/\/podernacional.com\/index.php?rest_route=\/wp\/v2\/posts"}],"about":[{"href":"https:\/\/podernacional.com\/index.php?rest_route=\/wp\/v2\/types\/post"}],"author":[{"embeddable":true,"href":"https:\/\/podernacional.com\/index.php?rest_route=\/wp\/v2\/users\/1"}],"replies":[{"embeddable":true,"href":"https:\/\/podernacional.com\/index.php?rest_route=%2Fwp%2Fv2%2Fcomments&post=7931"}],"version-history":[{"count":1,"href":"https:\/\/podernacional.com\/index.php?rest_route=\/wp\/v2\/posts\/7931\/revisions"}],"predecessor-version":[{"id":7932,"href":"https:\/\/podernacional.com\/index.php?rest_route=\/wp\/v2\/posts\/7931\/revisions\/7932"}],"wp:featuredmedia":[{"embeddable":true,"href":"https:\/\/podernacional.com\/index.php?rest_route=\/wp\/v2\/media\/7933"}],"wp:attachment":[{"href":"https:\/\/podernacional.com\/index.php?rest_route=%2Fwp%2Fv2%2Fmedia&parent=7931"}],"wp:term":[{"taxonomy":"category","embeddable":true,"href":"https:\/\/podernacional.com\/index.php?rest_route=%2Fwp%2Fv2%2Fcategories&post=7931"},{"taxonomy":"post_tag","embeddable":true,"href":"https:\/\/podernacional.com\/index.php?rest_route=%2Fwp%2Fv2%2Ftags&post=7931"}],"curies":[{"name":"wp","href":"https:\/\/api.w.org\/{rel}","templated":true}]}}