{"id":7940,"date":"2022-07-30T20:56:26","date_gmt":"2022-07-31T01:56:26","guid":{"rendered":"https:\/\/podernacional.com\/?p=7940"},"modified":"2022-07-31T01:56:28","modified_gmt":"2022-07-31T01:56:28","slug":"vibra-el-jazz-en-cordoba-en-el-tercer-dia-del-festival-internacional-de-jazz","status":"publish","type":"post","link":"https:\/\/podernacional.com\/?p=7940","title":{"rendered":"Vibra el jazz en C\u00f3rdoba en el tercer d\u00eda del Festival Internacional de Jazz"},"content":{"rendered":"<h4>El s\u00e9ptimo Festival Internacional de Jazz en C\u00f3rdoba ha sido todo un \u00e9xito y ha demostrado que este g\u00e9nero vibra m\u00e1s fuerte que nunca<\/h4>\n<p>Jazz en C\u00f3rdoba: El s\u00e9ptimo Festival Internacional de Jazz en C\u00f3rdoba ha sido todo un \u00e9xito, los amantes del g\u00e9nero han podido aprovechar de un espacio \u00fanico<\/p>\n<p>Con una gran aceptaci\u00f3n y un \u00e9xito se ha realizado el s\u00e9ptimo Festival Internacional de Jazz en C\u00f3rdoba.<\/p>\n<p>As\u00ed como\u00a0presentaciones de artistas de renombre mundial, as\u00ed como exposiciones colectivas de arte y m\u00e1ster class.<\/p>\n<p>Para los amantes del g\u00e9nero han podido aprovechar de un espacio \u00fanico para disfrutar del jazz en la ciudad.<\/p>\n<p>Como parte de las actividades del FIJ 2022 el colectivo \u201cSomos Jazz\u201d inauguraron la exposici\u00f3n pict\u00f3rica en la Casa de la Cultura.<\/p>\n<p>Jorge Cuesta en donde dan muestra del gran talento local con m\u00e1s de 15 obras en las que cada lienzo transporta al espectador a un ambiente de m\u00fasica y emociones.<\/p>\n<p>En el segundo d\u00eda Edgar Dorantes lleg\u00f3 junto con Axel Vel\u00e1zquez para poner el toque musical<\/p>\n<p>Mientras que por la noche el tributo al maestro Tino Contreras fue la gala que ilumin\u00f3 el Teatro Pedro D\u00edaz.<\/p>\n<p>Ademas de que en lo que ha el mejor inicio del festival.<\/p>\n<p>Emociones, m\u00fasica y talento se han visto demostrados en este magno evento de jazz que coloca a C\u00f3rdoba en el ojo p\u00fablico.<\/p>\n<p>De la esfera internacional entre los mejores festivales jazz\u00edsticos al contar con la presencia de artistas de la talla de Adri\u00e1n Terrazas.<\/p>\n<p>As\u00ed como de \u00a0Estusha Grinberg quienes estar\u00e1n present\u00e1ndose estos 2 \u00faltimos d\u00edas del FIJ.<\/p>\n<h4>\u00bfQu\u00e9 actividades se llevaron a cabo este s\u00e1bado debido al s\u00e9ptimo Festival Internacional de Jazz en C\u00f3rdoba?<\/h4>\n<p>Este s\u00e1bado el taller de baile en el parque 21 de Mayo a cargo de Lindy Hoop feat Dr. Swing acapar\u00f3 la mirada de todos.<\/p>\n<p>Mientras que m\u00e1s tarde en la ex hacienda Toxpan la cata de ca\u00f1as a cargo de Daddario Woodwings.<\/p>\n<p>Con esto proporcionar\u00e1 a los saxofonistas una gran exposici\u00f3n de conocimientos para elegir la mejor ca\u00f1a para este instrumento indispensable en el jazz.<\/p>\n<p>En esta m\u00e1ster Class el gran Adri\u00e1n Terrazas tambi\u00e9n participar\u00e1.<\/p>\n<p>Para m\u00e1s tarde el concierto de la talentosa Estusha Grinberg en la Ex Hacienda Toxpan ser\u00e1 uno de los m\u00e1s esperados del festival.<\/p>\n<p>Este festival ha demostrado que el jazz en C\u00f3rdoba vibra m\u00e1s fuerte que nunca<\/p>\n<p>C\u00f3mo tributo al maestro Tino Contreras el s\u00e9ptimo festival de jazz ha dado a conocer el talento de m\u00fasicos locales como son:<\/p>\n<p>Los Tiernos y otros artistas que han absorbido los conocimientos de los grandes del jazz como es Adri\u00e1n Terrazas el dos veces ganador del Grammy.<\/p>\n<p>Emociones, m\u00fasica y talento se han visto demostrados en este magno evento de jazz que coloca a C\u00f3rdoba en el ojo p\u00fablico<\/p>\n<p>Adri\u00e1n Terrazas con Omar L\u00f3pez dar\u00e1n un concierto el domingo 31 de julio a las 19:00 horas en el parque 21 de Mayo.<\/p>\n<p>Dicho evento con quien tambi\u00e9n tocar\u00e1n con la Mulaka casi para cerrar el festival.<\/p>\n<p>El organizador del evento Luis Kalatayud en compa\u00f1\u00eda de distintos gestores culturales han demostrado que el jazz en C\u00f3rdob.<\/p>\n<p>Vibra m\u00e1s fuerte que nunca y pese a la pandemia este festival reuni\u00f3 a los mejores exponentes de la m\u00fasica.<\/p>\n","protected":false},"excerpt":{"rendered":"<p>El s\u00e9ptimo Festival Internacional de Jazz en C\u00f3rdoba ha sido todo un \u00e9xito y ha demostrado que este g\u00e9nero vibra m\u00e1s fuerte que nunca Jazz en C\u00f3rdoba: El s\u00e9ptimo Festival Internacional de Jazz en C\u00f3rdoba ha sido todo un \u00e9xito, los amantes del g\u00e9nero han podido aprovechar de un espacio \u00fanico Con una gran aceptaci\u00f3n [&hellip;]<\/p>\n","protected":false},"author":1,"featured_media":7942,"comment_status":"open","ping_status":"closed","sticky":false,"template":"","format":"standard","meta":{"footnotes":""},"categories":[2,5,7],"tags":[],"class_list":["post-7940","post","type-post","status-publish","format-standard","has-post-thumbnail","hentry","category-cultural","category-internacional","category-nacional"],"_links":{"self":[{"href":"https:\/\/podernacional.com\/index.php?rest_route=\/wp\/v2\/posts\/7940","targetHints":{"allow":["GET"]}}],"collection":[{"href":"https:\/\/podernacional.com\/index.php?rest_route=\/wp\/v2\/posts"}],"about":[{"href":"https:\/\/podernacional.com\/index.php?rest_route=\/wp\/v2\/types\/post"}],"author":[{"embeddable":true,"href":"https:\/\/podernacional.com\/index.php?rest_route=\/wp\/v2\/users\/1"}],"replies":[{"embeddable":true,"href":"https:\/\/podernacional.com\/index.php?rest_route=%2Fwp%2Fv2%2Fcomments&post=7940"}],"version-history":[{"count":1,"href":"https:\/\/podernacional.com\/index.php?rest_route=\/wp\/v2\/posts\/7940\/revisions"}],"predecessor-version":[{"id":7941,"href":"https:\/\/podernacional.com\/index.php?rest_route=\/wp\/v2\/posts\/7940\/revisions\/7941"}],"wp:featuredmedia":[{"embeddable":true,"href":"https:\/\/podernacional.com\/index.php?rest_route=\/wp\/v2\/media\/7942"}],"wp:attachment":[{"href":"https:\/\/podernacional.com\/index.php?rest_route=%2Fwp%2Fv2%2Fmedia&parent=7940"}],"wp:term":[{"taxonomy":"category","embeddable":true,"href":"https:\/\/podernacional.com\/index.php?rest_route=%2Fwp%2Fv2%2Fcategories&post=7940"},{"taxonomy":"post_tag","embeddable":true,"href":"https:\/\/podernacional.com\/index.php?rest_route=%2Fwp%2Fv2%2Ftags&post=7940"}],"curies":[{"name":"wp","href":"https:\/\/api.w.org\/{rel}","templated":true}]}}