{"id":7952,"date":"2022-07-30T21:24:33","date_gmt":"2022-07-31T02:24:33","guid":{"rendered":"https:\/\/podernacional.com\/?p=7952"},"modified":"2022-07-31T02:24:34","modified_gmt":"2022-07-31T02:24:34","slug":"trabaja-mc-en-acciones-enfocadas-a-la-inclusion","status":"publish","type":"post","link":"https:\/\/podernacional.com\/?p=7952","title":{"rendered":"Trabaja MC en acciones enfocadas a la inclusi\u00f3n"},"content":{"rendered":"<h4>EN ZACATECAS. Entre intercambio de ideas con expertos y sociedad civil Movimiento Ciudadano construye su agenda enfocada.<\/h4>\n<p>MC: A atender las necesidades de las y los ciudadanos, siempre con una visi\u00f3n incluyente y asertiva.<\/p>\n<p>En pasados d\u00edas, con la participaci\u00f3n de la ponente, Patria Jim\u00e9nez Flores, se presentaron acciones que van enfocadas a la inclusi\u00f3n de todxs.<\/p>\n<p>Por lo que puntualiz\u00f3 que<\/p>\n<p>\u201cAntes las personas homosexuales \u00e9ramos el cuerpo del delito, ahora somos sujetos de derechos\u201d.<\/p>\n<p>Esto al referirse a la lucha por conquistar y garantizar los derechos de la comunidad LGBTIQ+.<\/p>\n<p>Ya que \u00e9sta ha tenido un largo recorrido hist\u00f3rico y a\u00fan queda mucho por caminar, dijo:<\/p>\n<p>\u201cA\u00fan falta hacer modificaciones constitucionales y los j\u00f3venes de los recientes parlamentos LGTBIQ+ llevados a cabo en el Senado de la Rep\u00fablica\u201d.<\/p>\n<p>\u201cEl cual propusieron una serie de reformas e iniciativas que dan continuidad a la conquista de los derechos\u201d.<\/p>\n<p>Asimismo, hizo referencia a una propuesta de los j\u00f3venes participantes para cambiar el t\u00e9rmino \u201cpreferencia sexual\u201d por \u201corientaci\u00f3n sexual\u201d.<\/p>\n<p>Ademas de que destac\u00f3 la necesidad de que en los 32 estados se lleve a pleno una ley de identidad de g\u00e9nero para las personas trans.<\/p>\n<p>Se reconozcan las infancias trans y se agilicen las adopciones para parejas homosexuales.<\/p>\n<p>Patria Jim\u00e9nez mencion\u00f3 la relevancia de las acciones afirmativas y los problemas que se han presentado en diferentes estados.<\/p>\n<h4>Ya que las cuotas designadas a la comunidad han sido ocupadas por heterosexuales.<\/h4>\n<p>Ademas de que se ha dado el caso de legisladores.<\/p>\n<p>A los que se les ha retirado el cargo por haberse hecho pasar por personas de la diversidad.<\/p>\n<p>En el intercambio de ideas se acord\u00f3 una mesa de trabajo con fin de proponer, legislar y garantizar.<\/p>\n<p>Que dichos\u00a0espacios que corresponden a la comunidad LGBTIQ+ sean debidamente representados.<\/p>\n<p>Ya que se necesita identificarse con una causa para verdaderamente defenderla.<\/p>\n<p>Cabe mencionar que Patricia Jim\u00e9nez fue elegida Diputada Federal en 1997.<\/p>\n<p>As\u00ed estar convirti\u00e9ndose as\u00ed en la primera congresista abiertamente homosexual en el pa\u00eds.<\/p>\n<p>Durante su gesti\u00f3n se logr\u00f3 la despenalizaci\u00f3n final de la homosexualidad como agravante en el c\u00f3digo penal.<\/p>\n<p>Por ende, Trabaja MC en acciones enfocadas a la inclusi\u00f3n<\/p>\n","protected":false},"excerpt":{"rendered":"<p>EN ZACATECAS. Entre intercambio de ideas con expertos y sociedad civil Movimiento Ciudadano construye su agenda enfocada. MC: A atender las necesidades de las y los ciudadanos, siempre con una visi\u00f3n incluyente y asertiva. En pasados d\u00edas, con la participaci\u00f3n de la ponente, Patria Jim\u00e9nez Flores, se presentaron acciones que van enfocadas a la inclusi\u00f3n [&hellip;]<\/p>\n","protected":false},"author":1,"featured_media":7954,"comment_status":"open","ping_status":"closed","sticky":false,"template":"","format":"standard","meta":{"footnotes":""},"categories":[7,9],"tags":[],"class_list":["post-7952","post","type-post","status-publish","format-standard","has-post-thumbnail","hentry","category-nacional","category-politica"],"_links":{"self":[{"href":"https:\/\/podernacional.com\/index.php?rest_route=\/wp\/v2\/posts\/7952","targetHints":{"allow":["GET"]}}],"collection":[{"href":"https:\/\/podernacional.com\/index.php?rest_route=\/wp\/v2\/posts"}],"about":[{"href":"https:\/\/podernacional.com\/index.php?rest_route=\/wp\/v2\/types\/post"}],"author":[{"embeddable":true,"href":"https:\/\/podernacional.com\/index.php?rest_route=\/wp\/v2\/users\/1"}],"replies":[{"embeddable":true,"href":"https:\/\/podernacional.com\/index.php?rest_route=%2Fwp%2Fv2%2Fcomments&post=7952"}],"version-history":[{"count":1,"href":"https:\/\/podernacional.com\/index.php?rest_route=\/wp\/v2\/posts\/7952\/revisions"}],"predecessor-version":[{"id":7953,"href":"https:\/\/podernacional.com\/index.php?rest_route=\/wp\/v2\/posts\/7952\/revisions\/7953"}],"wp:featuredmedia":[{"embeddable":true,"href":"https:\/\/podernacional.com\/index.php?rest_route=\/wp\/v2\/media\/7954"}],"wp:attachment":[{"href":"https:\/\/podernacional.com\/index.php?rest_route=%2Fwp%2Fv2%2Fmedia&parent=7952"}],"wp:term":[{"taxonomy":"category","embeddable":true,"href":"https:\/\/podernacional.com\/index.php?rest_route=%2Fwp%2Fv2%2Fcategories&post=7952"},{"taxonomy":"post_tag","embeddable":true,"href":"https:\/\/podernacional.com\/index.php?rest_route=%2Fwp%2Fv2%2Ftags&post=7952"}],"curies":[{"name":"wp","href":"https:\/\/api.w.org\/{rel}","templated":true}]}}