{"id":7961,"date":"2022-08-01T20:09:50","date_gmt":"2022-08-02T01:09:50","guid":{"rendered":"https:\/\/podernacional.com\/?p=7961"},"modified":"2022-08-02T01:09:51","modified_gmt":"2022-08-02T01:09:51","slug":"arranca-el-festival-del-folclor-2022","status":"publish","type":"post","link":"https:\/\/podernacional.com\/?p=7961","title":{"rendered":"Arranca el Festival del Folclor 2022"},"content":{"rendered":"<h4>Entre lentejuelas, plumas, y diversos ritmos, este domingo inici\u00f3 el Festival Zacatecas del Folclor Internacional Gustavo Vaquera Contreras.<\/h4>\n<p>Festival del Folclor 2022: Las compa\u00f1\u00edas de baile internacional, nacional y local dieron paso al desfile inaugural del festival m\u00e1s esperado por turistas y zacatecanos.<\/p>\n<p>Ademas de quienes disfrutaron los bailes latinoamericanos en la principal vialidad del Centro Hist\u00f3rico.<\/p>\n<p>Con eso partiendo de la avenida Gonz\u00e1lez Ortega, Hidalgo, hasta arribar a Plaza de Armas.<\/p>\n<p>M\u00e1s de mil 500 personas, entre bailarines y m\u00fasicos deleitaron a cientos de espectadores.<\/p>\n<p>Donde ofrecieron las tradiciones folcl\u00f3ricas de diferentes pa\u00edses y estados.<\/p>\n<p>Bolivia, Chile, Argentina, Panam\u00e1, Costa Rica y Colombia entusiasmaron al p\u00fablico con tambores, machetes, mascararas y sones en vivo.<\/p>\n<p>En el que converg\u00eda el gusto por el baile en diferentes expresiones.<\/p>\n<p>Mientras que en el \u00e1mbito nacional, el ritmo jarocho de Veracruz, las polkas de Nuevo Le\u00f3n y otros ritmos de Puebla, Baja California y Jalisco.<\/p>\n<p>Ademas hicieron bailar a los zacatecanos en el primer cuadro de la ciudad.<\/p>\n<p>En este festival, la participaci\u00f3n de las agrupaciones locales fue numerosa, al considerar al menos 22 compa\u00f1\u00edas de baile zacatecanas.<\/p>\n<p>Que son tanto de la capital como de municipios como Tepetongo y Nochistl\u00e1n de Mej\u00eda, entre otros.<\/p>\n<p>Las agrupaciones, que tuvieron una presentaci\u00f3n en Plaza de Armas de manera breve conforme arribaban.<\/p>\n<h4>Ofrecer\u00e1n en los pr\u00f3ximos siete d\u00edas en las plazas de la capital y Guadalupe como Plaza de Armas, Plazuela Migue Auza.<\/h4>\n<p>As\u00ed como de Plazuela Goitia y Foro de la Velaria La Pur\u00edsima, as\u00ed como el Teatro Calder\u00f3n.<\/p>\n<p>Asimismo, este festival se extender\u00e1 hasta Ca\u00f1itas de Felipe Pescador, Fresnillo, Francisco R. Murgu\u00eda, Jerez de Garc\u00eda Salinas, Miguel Auza, Morelos.<\/p>\n<p>Ademas de Tepechitl\u00e1n, Teul de Gonz\u00e1lez Ortega, Villa Garc\u00eda y Villa Nueva.<\/p>\n<p>Dulce Mu\u00f1oz Reyes, titular del Instituto Zacatecano de Cultura (IZC) expuso que \u201ceste festival lo hacemos todos, los hacen los artistas.<\/p>\n<p>Ademas de\u00a0los creadores, los directores, las instituciones, las personas que organizan, el equipo de log\u00edstica, pero sobre todo la gente\u201d.<\/p>\n<p>Por lo que augur\u00f3 una respuesta positiva para esta edici\u00f3n 2022.<\/p>\n<p>Con esto, ha arrancando el Festival del Folclor 2022<\/p>\n","protected":false},"excerpt":{"rendered":"<p>Entre lentejuelas, plumas, y diversos ritmos, este domingo inici\u00f3 el Festival Zacatecas del Folclor Internacional Gustavo Vaquera Contreras. Festival del Folclor 2022: Las compa\u00f1\u00edas de baile internacional, nacional y local dieron paso al desfile inaugural del festival m\u00e1s esperado por turistas y zacatecanos. Ademas de quienes disfrutaron los bailes latinoamericanos en la principal vialidad del [&hellip;]<\/p>\n","protected":false},"author":1,"featured_media":7963,"comment_status":"open","ping_status":"closed","sticky":false,"template":"","format":"standard","meta":{"footnotes":""},"categories":[2,7],"tags":[],"class_list":["post-7961","post","type-post","status-publish","format-standard","has-post-thumbnail","hentry","category-cultural","category-nacional"],"_links":{"self":[{"href":"https:\/\/podernacional.com\/index.php?rest_route=\/wp\/v2\/posts\/7961","targetHints":{"allow":["GET"]}}],"collection":[{"href":"https:\/\/podernacional.com\/index.php?rest_route=\/wp\/v2\/posts"}],"about":[{"href":"https:\/\/podernacional.com\/index.php?rest_route=\/wp\/v2\/types\/post"}],"author":[{"embeddable":true,"href":"https:\/\/podernacional.com\/index.php?rest_route=\/wp\/v2\/users\/1"}],"replies":[{"embeddable":true,"href":"https:\/\/podernacional.com\/index.php?rest_route=%2Fwp%2Fv2%2Fcomments&post=7961"}],"version-history":[{"count":1,"href":"https:\/\/podernacional.com\/index.php?rest_route=\/wp\/v2\/posts\/7961\/revisions"}],"predecessor-version":[{"id":7962,"href":"https:\/\/podernacional.com\/index.php?rest_route=\/wp\/v2\/posts\/7961\/revisions\/7962"}],"wp:featuredmedia":[{"embeddable":true,"href":"https:\/\/podernacional.com\/index.php?rest_route=\/wp\/v2\/media\/7963"}],"wp:attachment":[{"href":"https:\/\/podernacional.com\/index.php?rest_route=%2Fwp%2Fv2%2Fmedia&parent=7961"}],"wp:term":[{"taxonomy":"category","embeddable":true,"href":"https:\/\/podernacional.com\/index.php?rest_route=%2Fwp%2Fv2%2Fcategories&post=7961"},{"taxonomy":"post_tag","embeddable":true,"href":"https:\/\/podernacional.com\/index.php?rest_route=%2Fwp%2Fv2%2Ftags&post=7961"}],"curies":[{"name":"wp","href":"https:\/\/api.w.org\/{rel}","templated":true}]}}