{"id":7967,"date":"2022-08-01T20:58:57","date_gmt":"2022-08-02T01:58:57","guid":{"rendered":"https:\/\/podernacional.com\/?p=7967"},"modified":"2022-08-02T01:58:58","modified_gmt":"2022-08-02T01:58:58","slug":"dia-del-gato-cdmx-tendra-un-festival-para-michis-en-agosto","status":"publish","type":"post","link":"https:\/\/podernacional.com\/?p=7967","title":{"rendered":"D\u00eda del Gato: CDMX tendr\u00e1 un festival para \u2018michis\u2019 en agosto"},"content":{"rendered":"<h4>La alcald\u00eda Benito Ju\u00e1rez y FestiKat ofrecen actividades y servicios como parte de los festejos por el D\u00eda Internacional del Gato.<\/h4>\n<p>La alcald\u00eda Benito Ju\u00e1rez har\u00e1 un festival por el D\u00eda del Gato.<\/p>\n<p>\u00a1Ya viene el D\u00eda del Gato! Y por ello, la Ciudad de M\u00e9xico tendr\u00e1 un festejo donde se ofrecer\u00e1n servicios gratuitos de atenci\u00f3n gatuna.<\/p>\n<p>Ademas de servicios de adopci\u00f3n de \u2018michis\u2019 y pl\u00e1ticas educativas.<\/p>\n<p>El evento por el D\u00eda del Gato es convocado por Whiskas, FestiKat y la alcald\u00eda Benito Ju\u00e1rez, en la CDMX.<\/p>\n<p>Te contamos todo lo que habr\u00e1 en el festival:<\/p>\n<p>La alcald\u00eda ofrecer\u00e1 servicios gratuitos de esterilizaci\u00f3n felina y canina (la entrega de fichas ser\u00e1 a las 9:00 horas).<\/p>\n<p>As\u00ed como la aplicaci\u00f3n de vacunas antirr\u00e1bicas para gatos y perros, y valoraciones m\u00e9dicas preventivas.<\/p>\n<p>Las esterilizaciones ser\u00e1n para animales mayores de cuatro meses de edad, con previa valoraci\u00f3n m\u00e9dica.<\/p>\n<p>Se necesitan ocho horas de ayuno de alimento y cuatro horas de ayuno de l\u00edquidos.<\/p>\n<p>Las esterilizaciones no est\u00e1n disponibles para gatas hembras en celo, gestantes o lactantes.<\/p>\n<p>Tambi\u00e9n habr\u00e1 una pasarela de gatos y gatas en adopci\u00f3n.<\/p>\n<h4>En caso de querer una esterilizaci\u00f3n para tus mascotas, necesitas llevar una copia de comprobante de domicilio, una copia de tu INE.<\/h4>\n<p>As\u00ed como \u00a0una m\u00e1s de la cartilla de vacacunaci\u00f3n de tu mascota.<\/p>\n<p>Adem\u00e1s, se solicita un registro previo del Registro \u00danico de Animales de Compa\u00f1\u00eda (RUAC), una especie de CURP para gatos y perros.<\/p>\n<p>Y se ofrecer\u00e1n pl\u00e1ticas eductivas.<\/p>\n<p>La celebraci\u00f3n por los gatitos y gatitas ser\u00e1 los d\u00edas 6 y 7 de agosto en el Parque Arboledas.<\/p>\n<p>Desde las 9:00 horas y hasta las 18:00 horas.<\/p>\n<p>Las y los felinos son \u2018festejados\u2019 en tres d\u00edas de cada a\u00f1o.<\/p>\n<p>Una de esas fechas es el 8 de agosto, D\u00eda Internacional del Gato, establecido por el Fondo Internacional para el Bienestar Animal<\/p>\n<p>(IFAW, por sus siglas en ingl\u00e9s).<\/p>\n<p>Este a\u00f1o, International Cat Care (ICatCare) es la organizaci\u00f3n que tiene la custodia o el encargo de festejar y conmemorar este 8 de agosto.<\/p>\n<p>El tema elegido es \u201cRecursos amigables para gatos\u201d, donde se har\u00e1 visible la creaci\u00f3n y dise\u00f1o de materiales educativos.<\/p>\n<p>Para que las personas brinden estos recursos a sus gatos y gatas dom\u00e9sticas.<\/p>\n","protected":false},"excerpt":{"rendered":"<p>La alcald\u00eda Benito Ju\u00e1rez y FestiKat ofrecen actividades y servicios como parte de los festejos por el D\u00eda Internacional del Gato. La alcald\u00eda Benito Ju\u00e1rez har\u00e1 un festival por el D\u00eda del Gato. \u00a1Ya viene el D\u00eda del Gato! Y por ello, la Ciudad de M\u00e9xico tendr\u00e1 un festejo donde se ofrecer\u00e1n servicios gratuitos de [&hellip;]<\/p>\n","protected":false},"author":1,"featured_media":7969,"comment_status":"open","ping_status":"closed","sticky":false,"template":"","format":"standard","meta":{"footnotes":""},"categories":[2,4,7],"tags":[],"class_list":["post-7967","post","type-post","status-publish","format-standard","has-post-thumbnail","hentry","category-cultural","category-espectaculos","category-nacional"],"_links":{"self":[{"href":"https:\/\/podernacional.com\/index.php?rest_route=\/wp\/v2\/posts\/7967","targetHints":{"allow":["GET"]}}],"collection":[{"href":"https:\/\/podernacional.com\/index.php?rest_route=\/wp\/v2\/posts"}],"about":[{"href":"https:\/\/podernacional.com\/index.php?rest_route=\/wp\/v2\/types\/post"}],"author":[{"embeddable":true,"href":"https:\/\/podernacional.com\/index.php?rest_route=\/wp\/v2\/users\/1"}],"replies":[{"embeddable":true,"href":"https:\/\/podernacional.com\/index.php?rest_route=%2Fwp%2Fv2%2Fcomments&post=7967"}],"version-history":[{"count":1,"href":"https:\/\/podernacional.com\/index.php?rest_route=\/wp\/v2\/posts\/7967\/revisions"}],"predecessor-version":[{"id":7968,"href":"https:\/\/podernacional.com\/index.php?rest_route=\/wp\/v2\/posts\/7967\/revisions\/7968"}],"wp:featuredmedia":[{"embeddable":true,"href":"https:\/\/podernacional.com\/index.php?rest_route=\/wp\/v2\/media\/7969"}],"wp:attachment":[{"href":"https:\/\/podernacional.com\/index.php?rest_route=%2Fwp%2Fv2%2Fmedia&parent=7967"}],"wp:term":[{"taxonomy":"category","embeddable":true,"href":"https:\/\/podernacional.com\/index.php?rest_route=%2Fwp%2Fv2%2Fcategories&post=7967"},{"taxonomy":"post_tag","embeddable":true,"href":"https:\/\/podernacional.com\/index.php?rest_route=%2Fwp%2Fv2%2Ftags&post=7967"}],"curies":[{"name":"wp","href":"https:\/\/api.w.org\/{rel}","templated":true}]}}