{"id":7970,"date":"2022-08-01T21:03:33","date_gmt":"2022-08-02T02:03:33","guid":{"rendered":"https:\/\/podernacional.com\/?p=7970"},"modified":"2022-08-02T02:03:34","modified_gmt":"2022-08-02T02:03:34","slug":"festival-internacional-queretaro-experimental-en-la-recta-final-con-magnos-eventos","status":"publish","type":"post","link":"https:\/\/podernacional.com\/?p=7970","title":{"rendered":"Festival Internacional Quer\u00e9taro Experimental en la recta final con magnos eventos"},"content":{"rendered":"<h4>El festival Quer\u00e9taro Experimental se ha consolidado como uno de los eventos de mayor exposici\u00f3n de las expresiones multiculturales.<\/h4>\n<p>Festival Internacional Quer\u00e9taro : As\u00ed como de estar abrazando el arte y sus manifestaciones a trav\u00e9s de la apropiaci\u00f3n de las plazas p\u00fablicas de nuestra ciudad.<\/p>\n<p>A 15 semanas de haber iniciado, el Festival ha logrado reunir artistas de talla internacional, nacional y locales.<\/p>\n<p>Los cuales exponen su talento para locales y visitantes que se re\u00fanen en los tres escenarios que conforman el Quer\u00e9taro Experimental.<\/p>\n<p>Uno de los magnos atractivos que ha tenido este festival organizado por el Municipio de Quer\u00e9taro.<\/p>\n<p>A trav\u00e9s de sus secretar\u00edas de cultura y turismo, sin duda han sido los espect\u00e1culos a\u00e9reos.<\/p>\n<p>Ademas que logran generar una gran experiencia entre chicos y grandes.<\/p>\n<p>Este fin de semana la compa\u00f1\u00eda espa\u00f1ola Grupo Puja cautivo al p\u00fablico con la adaptaci\u00f3n de `El Principito\u00b4, el libro franc\u00e9s m\u00e1s le\u00eddo y traducido.<\/p>\n<p>Escrito por el c\u00e9lebre Antoine de Saint-Exup\u00e9ry que tambi\u00e9n fue aviador.<\/p>\n<p>La compa\u00f1\u00eda teatral realiz\u00f3 su espect\u00e1culo con m\u00fasica en directo a 40 metros de altura.<\/p>\n<p>Donde la historia es una met\u00e1fora del ni\u00f1o interior que cada adulto llevamos dentro.<\/p>\n<p>Otro de los eventos que se realizaron con gran \u00e9xito este fin de semana fue el concierto de Biomigrant.<\/p>\n<p>Un grupo que con su mezcla de beats digitales, instrumentaci\u00f3n en vivo, m\u00fasica tradicional latinoamericana y grabaciones de campo.<\/p>\n<p>Ademas de estar lleno de alegr\u00eda el escenario de Plaza Fundadores.<\/p>\n<p>Jard\u00edn Zenea albergo la m\u00fasica de Remille, una artista mexico-francesa sensible y espont\u00e1nea que naci\u00f3 entre el House.<\/p>\n<p>Especializ\u00e1ndose en el Deep House, Deep Tech, Minimal y el Techno, por lo que posee una pasi\u00f3n desbordada por las tornamesas.<\/p>\n<p>En el tema teatral lleg\u00f3 uno de los espect\u00e1culos que m\u00e1s ha gustado, el pasacalles de Zaikocirco, quienes con m\u00fasica, zancos, t\u00edteres y m\u00e1scaras.<\/p>\n<p>Por ende, llevaron a la gente a transitar del Jard\u00edn Zenea a Plaza Fundadores.<\/p>\n<p>Con esto, Festival Internacional Quer\u00e9taro Experimental en la recta final<\/p>\n","protected":false},"excerpt":{"rendered":"<p>El festival Quer\u00e9taro Experimental se ha consolidado como uno de los eventos de mayor exposici\u00f3n de las expresiones multiculturales. Festival Internacional Quer\u00e9taro : As\u00ed como de estar abrazando el arte y sus manifestaciones a trav\u00e9s de la apropiaci\u00f3n de las plazas p\u00fablicas de nuestra ciudad. A 15 semanas de haber iniciado, el Festival ha logrado [&hellip;]<\/p>\n","protected":false},"author":1,"featured_media":7972,"comment_status":"open","ping_status":"closed","sticky":false,"template":"","format":"standard","meta":{"footnotes":""},"categories":[2,5,7],"tags":[],"class_list":["post-7970","post","type-post","status-publish","format-standard","has-post-thumbnail","hentry","category-cultural","category-internacional","category-nacional"],"_links":{"self":[{"href":"https:\/\/podernacional.com\/index.php?rest_route=\/wp\/v2\/posts\/7970","targetHints":{"allow":["GET"]}}],"collection":[{"href":"https:\/\/podernacional.com\/index.php?rest_route=\/wp\/v2\/posts"}],"about":[{"href":"https:\/\/podernacional.com\/index.php?rest_route=\/wp\/v2\/types\/post"}],"author":[{"embeddable":true,"href":"https:\/\/podernacional.com\/index.php?rest_route=\/wp\/v2\/users\/1"}],"replies":[{"embeddable":true,"href":"https:\/\/podernacional.com\/index.php?rest_route=%2Fwp%2Fv2%2Fcomments&post=7970"}],"version-history":[{"count":1,"href":"https:\/\/podernacional.com\/index.php?rest_route=\/wp\/v2\/posts\/7970\/revisions"}],"predecessor-version":[{"id":7971,"href":"https:\/\/podernacional.com\/index.php?rest_route=\/wp\/v2\/posts\/7970\/revisions\/7971"}],"wp:featuredmedia":[{"embeddable":true,"href":"https:\/\/podernacional.com\/index.php?rest_route=\/wp\/v2\/media\/7972"}],"wp:attachment":[{"href":"https:\/\/podernacional.com\/index.php?rest_route=%2Fwp%2Fv2%2Fmedia&parent=7970"}],"wp:term":[{"taxonomy":"category","embeddable":true,"href":"https:\/\/podernacional.com\/index.php?rest_route=%2Fwp%2Fv2%2Fcategories&post=7970"},{"taxonomy":"post_tag","embeddable":true,"href":"https:\/\/podernacional.com\/index.php?rest_route=%2Fwp%2Fv2%2Ftags&post=7970"}],"curies":[{"name":"wp","href":"https:\/\/api.w.org\/{rel}","templated":true}]}}