{"id":7973,"date":"2022-08-01T21:09:58","date_gmt":"2022-08-02T02:09:58","guid":{"rendered":"https:\/\/podernacional.com\/?p=7973"},"modified":"2022-08-02T02:09:59","modified_gmt":"2022-08-02T02:09:59","slug":"reconoce-amlo-aporte-de-cancun-hay-que-devolverle-algo","status":"publish","type":"post","link":"https:\/\/podernacional.com\/?p=7973","title":{"rendered":"Reconoce AMLO aporte de Canc\u00fan: \u2018hay que devolverle algo\u2019"},"content":{"rendered":"<h4>Atestigua inicio de obras de infraestructura vial en Canc\u00fan; garantiza derecho a disentir, ante manifestaci\u00f3n de madres de desaparecidos.<\/h4>\n<p>Reconoce ante el clamor de ayuda de madres de familia para encontrar a sus hijas e hijos desaparecidos.<\/p>\n<p>Que se manifestaron durante la visita del presidente donde formaliz\u00f3 el inicio de cuatro obras relevantes de infraestructura en Canc\u00fan.<\/p>\n<p>Con esto, Andr\u00e9s Manuel L\u00f3pez Obrador reiter\u00f3 que su gobierno no reprimir\u00e1 a nadie y garantizar\u00e1 el derecho a disentir.<\/p>\n<p>El jefe del Ejecutivo Federal no interrumpi\u00f3 su discurso, de no m\u00e1s de 10 minutos.<\/p>\n<p>A pesar de las reiteradas voces que pretend\u00edan llamar su atenci\u00f3n.<\/p>\n<p>En medio con un tendido con 22 fichas de b\u00fasqueda inconclusas, colgadas una tras otra a unos metros del pres\u00eddium.<\/p>\n<p>El mandatario tampoco intervino cuando alg\u00fan otro asistente, en una actitud provocadora.<\/p>\n<p>Le reproch\u00f3 que no hubiera llegado en el veh\u00edculo compacto con el cual se transportaba cuando fue jefe de gobierno de la Ciudad de M\u00e9xico.<\/p>\n<p>Ademas que contrast\u00f3 con una camioneta de lujo en la que apareci\u00f3 en el evento.<\/p>\n<p>Menos lo hizo, cuando seguidores del gobierno de la Cuarta Transformaci\u00f3n a grito abierto lo arroparon.<\/p>\n<p>Al tratar de asfixiar los reclamos al grito de \u201cEs un honor estar con Obrador\u201d, cuando despu\u00e9s clamaron de que fueran echados del evento presidencial.<\/p>\n<p>Sin confrontar a unos ni a otros, dijo que \u201caspiramos a fortalecer un sistema verdaderamente democr\u00e1tico\u201d.<\/p>\n<p>Pero que en M\u00e9xico nunca se permitir\u00e1 una dictadura, \u201ctenemos que garantizar por encima de todo las libertades, que todos puedan expresarse\u201d.<\/p>\n<p>Despu\u00e9s, ofreci\u00f3 a las madres de familia que su gobierno seguir\u00e1 buscando a las personas desaparecidas.<\/p>\n<p>El inquilino de Palacio Nacional estuvo de visita en la llamada \u201cJoya de la Corona\u201d.<\/p>\n<h4>Para presidir el inicio de cuatro trabajos de infraestructura vial en los que se invertir\u00e1n 7 mil 262.4 millones de pesos.<\/h4>\n<p>El mandatario estuvo a unos pasos de la antigua torre de control del aeropuerto.<\/p>\n<p>En cuyo sitio partir\u00e1 el Puente Vehicular Laguna Nichupt\u00e9, que unir\u00e1 a las zonas centro y hotelera.<\/p>\n<p>El monumento contrasta con el acelerado crecimiento de Canc\u00fan de los \u00faltimos 50 a\u00f1os, a pesar del decrecimiento que imper\u00f3 en todas las ciudades.<\/p>\n<p>Aqu\u00ed fue la \u00fanica que durante los 36 a\u00f1os del neoliberalismo (1983 a 2018) creci\u00f3 anualmente a tasas del 8 al 10 por ciento, indic\u00f3.<\/p>\n<p>El Ejecutivo federal reconoce y record\u00f3 que este destino ayud\u00f3 al desarrollo de los habitantes no s\u00f3lo de Quintana Roo sino de<\/p>\n<p>Yucat\u00e1n, Campeche, Tabasco, Chiapas, Oaxaca, Veracruz e, inclusive, de la Ciudad de M\u00e9xico.<\/p>\n<p>Sobre todo de quienes abandonaron sus pueblos para \u201cvenirse a buscar vida a Canc\u00fan\u201d.<\/p>\n<p>Cuando L\u00f3pez Obrador supo del anhelado proyecto vial de 8.8 kil\u00f3metros del Puente Nichupt\u00e9, con financiamiento privado.<\/p>\n<p>Ademas que para transitarlo se deber\u00eda pagar un peaje, neg\u00f3 que pudiera ser as\u00ed.<\/p>\n<p>\u201cTenemos que devolver algo de lo mucho que ha dado Canc\u00fan a M\u00e9xico\u201d.<\/p>\n<p>En esa mega obra, el gobierno de la Rep\u00fablica invertir\u00e1 5 mil 580 millones de pesos para que quede lista a finales del a\u00f1o entrante.<\/p>\n<p>En cuyo proceso de construcci\u00f3n se crear\u00e1n 8 mil 159 empleos directos y 32 mil 600 indirectos.<\/p>\n<p>A los ejecutivos de la multinacional mexicana en la venta de concreto Cemex y a la constructora ICA, con cuyos ejecutivos comparti\u00f3 el pres\u00eddium.<\/p>\n<p>Los exhort\u00f3 a tener la obra a tiempo, y que su gobierno se encargar\u00e1 de que fluya a tiempo el recurso p\u00fablico.<\/p>\n<h4>El puente elevado comenzar\u00e1 a pie del Bulevar Luis Donaldo Colosio.<\/h4>\n<p>Tambi\u00e9n ser\u00e1 objeto de una rehabilitaci\u00f3n integral en una longitud de 13.5 kil\u00f3metros, con una inversi\u00f3n de mil 084.6 millones de pesos.<\/p>\n<p>La obra generar\u00e1 mil 584 empleos directos y 6 mil 337 indirectos antes de ser inaugurada en octubre del pr\u00f3ximo a\u00f1o.<\/p>\n<p>Igualmente comprob\u00f3 que hace unos d\u00edas comenz\u00f3 la construcci\u00f3n del distribuidor del aeropuerto de Canc\u00fan.<\/p>\n<p>Donde se aplicar\u00e1n 360 millones de pesos, con la creaci\u00f3n de 356 empleos directos y mil 423 indirectos.<\/p>\n<p>Reconoce L\u00f3pez Obrador que atestigu\u00f3 tambi\u00e9n la proyectada construcci\u00f3n de la Av. Chac Mool.<\/p>\n<p>La cual ser\u00e1 una vialidad alterna a la terminal aeroportuaria, de 4.4 kil\u00f3metros.<\/p>\n<p>En la que se invertir\u00e1n 237.8 millones de pesos, los cuales crear\u00e1n 347 empleos directos y mil 389 indirectos.<\/p>\n<p>Antes de quedar lista en septiembre de 2022.<\/p>\n<p>Con esto, Reconoce AMLO aporte de Canc\u00fan: \u2018hay que devolverle algo\u2019<\/p>\n","protected":false},"excerpt":{"rendered":"<p>Atestigua inicio de obras de infraestructura vial en Canc\u00fan; garantiza derecho a disentir, ante manifestaci\u00f3n de madres de desaparecidos. Reconoce ante el clamor de ayuda de madres de familia para encontrar a sus hijas e hijos desaparecidos. Que se manifestaron durante la visita del presidente donde formaliz\u00f3 el inicio de cuatro obras relevantes de infraestructura [&hellip;]<\/p>\n","protected":false},"author":1,"featured_media":7975,"comment_status":"open","ping_status":"closed","sticky":false,"template":"","format":"standard","meta":{"footnotes":""},"categories":[6,9,10],"tags":[],"class_list":["post-7973","post","type-post","status-publish","format-standard","has-post-thumbnail","hentry","category-local","category-politica","category-quintana-roo"],"_links":{"self":[{"href":"https:\/\/podernacional.com\/index.php?rest_route=\/wp\/v2\/posts\/7973","targetHints":{"allow":["GET"]}}],"collection":[{"href":"https:\/\/podernacional.com\/index.php?rest_route=\/wp\/v2\/posts"}],"about":[{"href":"https:\/\/podernacional.com\/index.php?rest_route=\/wp\/v2\/types\/post"}],"author":[{"embeddable":true,"href":"https:\/\/podernacional.com\/index.php?rest_route=\/wp\/v2\/users\/1"}],"replies":[{"embeddable":true,"href":"https:\/\/podernacional.com\/index.php?rest_route=%2Fwp%2Fv2%2Fcomments&post=7973"}],"version-history":[{"count":1,"href":"https:\/\/podernacional.com\/index.php?rest_route=\/wp\/v2\/posts\/7973\/revisions"}],"predecessor-version":[{"id":7974,"href":"https:\/\/podernacional.com\/index.php?rest_route=\/wp\/v2\/posts\/7973\/revisions\/7974"}],"wp:featuredmedia":[{"embeddable":true,"href":"https:\/\/podernacional.com\/index.php?rest_route=\/wp\/v2\/media\/7975"}],"wp:attachment":[{"href":"https:\/\/podernacional.com\/index.php?rest_route=%2Fwp%2Fv2%2Fmedia&parent=7973"}],"wp:term":[{"taxonomy":"category","embeddable":true,"href":"https:\/\/podernacional.com\/index.php?rest_route=%2Fwp%2Fv2%2Fcategories&post=7973"},{"taxonomy":"post_tag","embeddable":true,"href":"https:\/\/podernacional.com\/index.php?rest_route=%2Fwp%2Fv2%2Ftags&post=7973"}],"curies":[{"name":"wp","href":"https:\/\/api.w.org\/{rel}","templated":true}]}}