{"id":7979,"date":"2022-08-01T21:31:27","date_gmt":"2022-08-02T02:31:27","guid":{"rendered":"https:\/\/podernacional.com\/?p=7979"},"modified":"2022-08-02T02:31:28","modified_gmt":"2022-08-02T02:31:28","slug":"amlo-decreta-expropiacion-de-tierras-para-construir-tren-maya","status":"publish","type":"post","link":"https:\/\/podernacional.com\/?p=7979","title":{"rendered":"AMLO decreta expropiaci\u00f3n de tierras para construir Tren Maya"},"content":{"rendered":"<h4>El mandatario va a expropiar 36 inmuebles en un mill\u00f3n 93 mil 118 metros cuadrados que est\u00e1n en Quintana Roo<\/h4>\n<p>Tren Maya: El decreto de Sadatu se da en medio de la pol\u00e9mica por la reanudaci\u00f3n de las obras en el tramo 5 del Tren Maya.<\/p>\n<p>A pesar de que el presidente <a href=\"https:\/\/twitter.com\/lopezobrador_\">Andr\u00e9s Manuel L\u00f3pez Obrador<\/a> asegur\u00f3 este lunes que todos los propietarios de tierras y ejidos.<\/p>\n<p>Ademas de que hay sobre la ruta del Tren Maya est\u00e1n de acuerdo en su construcci\u00f3n.<\/p>\n<p>El mandatario va a expropiar 36 inmuebles en un mill\u00f3n 93 mil 118 metros cuadrados que est\u00e1n en Quintana Roo para continuar el Tramo 5.<\/p>\n<p>Sur de esta obra que recorre 50 kil\u00f3metros de Tul\u00fam a Canc\u00fan.<\/p>\n<p>\u201cSe expropia por causa de utilidad p\u00fablica una superficie total de 1,093,118.93 m2 a favor de la Federaci\u00f3n para la ejecuci\u00f3n del tramo 5\u201d.<\/p>\n<p>\u201cSubtramos norte y sur del Proyecto Tren Maya, correspondiente a treinta y seis inmuebles de propiedad privada\u201d, indica el documento de expropiaci\u00f3n.<\/p>\n<p>No se precisa quienes son los propietarios de estos 36 inmuebles.<\/p>\n<p>Sin embargo, se ubican entre los municipios de <a href=\"https:\/\/whatsappmexico.com\/?p=8030\">Benito Ju\u00e1rez<\/a>, Puerto Morelos, Solidaridad y Tulum en Quintana Roo.<\/p>\n<p>Por su parte, la Secretar\u00eda de Desarrollo Agrario Territorial y Urbano (Sedatu).<\/p>\n<p>Ser\u00e1 quien a partir de ma\u00f1ana tome posesi\u00f3n de los terrenos expropiados y estar\u00e1 tambi\u00e9n encargada de indemnizar a quienes acrediten la propiedad de los predios.<\/p>\n<p>Este lunes el presidente reiter\u00f3 que la obra del Tren Maya es una obra de car\u00e1cter de seguridad nacional.<\/p>\n<p>Con esto subray\u00f3 que no se va a detener su avance ante la segunda orden de suspensi\u00f3n que otorg\u00f3 un juez federal.<\/p>\n","protected":false},"excerpt":{"rendered":"<p>El mandatario va a expropiar 36 inmuebles en un mill\u00f3n 93 mil 118 metros cuadrados que est\u00e1n en Quintana Roo Tren Maya: El decreto de Sadatu se da en medio de la pol\u00e9mica por la reanudaci\u00f3n de las obras en el tramo 5 del Tren Maya. A pesar de que el presidente Andr\u00e9s Manuel L\u00f3pez [&hellip;]<\/p>\n","protected":false},"author":1,"featured_media":7981,"comment_status":"open","ping_status":"closed","sticky":false,"template":"","format":"standard","meta":{"footnotes":""},"categories":[6,10],"tags":[],"class_list":["post-7979","post","type-post","status-publish","format-standard","has-post-thumbnail","hentry","category-local","category-quintana-roo"],"_links":{"self":[{"href":"https:\/\/podernacional.com\/index.php?rest_route=\/wp\/v2\/posts\/7979","targetHints":{"allow":["GET"]}}],"collection":[{"href":"https:\/\/podernacional.com\/index.php?rest_route=\/wp\/v2\/posts"}],"about":[{"href":"https:\/\/podernacional.com\/index.php?rest_route=\/wp\/v2\/types\/post"}],"author":[{"embeddable":true,"href":"https:\/\/podernacional.com\/index.php?rest_route=\/wp\/v2\/users\/1"}],"replies":[{"embeddable":true,"href":"https:\/\/podernacional.com\/index.php?rest_route=%2Fwp%2Fv2%2Fcomments&post=7979"}],"version-history":[{"count":1,"href":"https:\/\/podernacional.com\/index.php?rest_route=\/wp\/v2\/posts\/7979\/revisions"}],"predecessor-version":[{"id":7980,"href":"https:\/\/podernacional.com\/index.php?rest_route=\/wp\/v2\/posts\/7979\/revisions\/7980"}],"wp:featuredmedia":[{"embeddable":true,"href":"https:\/\/podernacional.com\/index.php?rest_route=\/wp\/v2\/media\/7981"}],"wp:attachment":[{"href":"https:\/\/podernacional.com\/index.php?rest_route=%2Fwp%2Fv2%2Fmedia&parent=7979"}],"wp:term":[{"taxonomy":"category","embeddable":true,"href":"https:\/\/podernacional.com\/index.php?rest_route=%2Fwp%2Fv2%2Fcategories&post=7979"},{"taxonomy":"post_tag","embeddable":true,"href":"https:\/\/podernacional.com\/index.php?rest_route=%2Fwp%2Fv2%2Ftags&post=7979"}],"curies":[{"name":"wp","href":"https:\/\/api.w.org\/{rel}","templated":true}]}}