{"id":7985,"date":"2022-08-01T21:48:41","date_gmt":"2022-08-02T02:48:41","guid":{"rendered":"https:\/\/podernacional.com\/?p=7985"},"modified":"2022-08-02T02:48:43","modified_gmt":"2022-08-02T02:48:43","slug":"ops-participa-en-foro-de-salud-mental-para-buscar-superar-retos-actuales-del-sector","status":"publish","type":"post","link":"https:\/\/podernacional.com\/?p=7985","title":{"rendered":"OPS participa en Foro de Salud Mental para buscar superar retos actuales del sector"},"content":{"rendered":"<h4>Autoridades de salud mental y OPS durante foro.<\/h4>\n<p>OPS: Con el objetivo de generar un espacio de dialogo entre actores y sectores relevantes que permita poner en com\u00fan las posiciones.<\/p>\n<p>As\u00ed como de las implicaciones de los retos actuales en salud mental.<\/p>\n<p>Los mecanismos para asegurar la participaci\u00f3n y cooperaci\u00f3n de todos los sectores, la organizaci\u00f3n Panamericana de la Salud (OPS\/OMS).<\/p>\n<p>Apoy\u00f3 al Ministerio de Salud en el primer Foro Nacional de Salud Mental.<\/p>\n<p>Por una respuesta nacional, integral e incluyente, este se llev\u00f3 a cabo por la Mesa Nacional de salud mental desarrolla cuatro temas.<\/p>\n<p>Que sustentan las principales oportunidades y desaf\u00edos que enfrenta la respuesta a la salud mental desde el planteamiento de una reforma a la Ley 12-06.<\/p>\n<p>Menciona que es sobre salud mental en la Rep\u00fablica Dominicana.<\/p>\n<p>\u201cSomos conscientes del gran esfuerzo que se ha realizado desde todos los sectores implicados en la Republica Dominicana por prestar apoyo\u201d.<\/p>\n<p>As\u00ed como de atenci\u00f3n de calidad a las personas con problemas de salud mental o discapacidades psicosociales.<\/p>\n<p>A la vez que entendemos las dificultades que entra\u00f1a cambiar los modelos, las actitudes y los estereotipos.<\/p>\n<p>\u201cDe los cuales han permitido que las personas con problemas de salud mental sean objeto de todo tipo de discriminaci\u00f3n y violaci\u00f3n de sus derechos\u201d.<\/p>\n<h4>Dijo el doctor Olivier Ronveaux, representante de la Organizaci\u00f3n Panamericana de la Salud (OPS).<\/h4>\n<p>Destac\u00f3 que uno de los objetivos fundamentales de la OPS\/OMS es apoyar a los gobiernos &#8211; sociedad civil en la reforma de los marcos legales.<\/p>\n<p>Ademas de proteger y promover los derechos humanos en materia de salud, y en este caso, en salud mental.<\/p>\n<p>El representante de OPS resalt\u00f3 el trabajo de la Rep\u00fablica Dominicana desde hace algunos a\u00f1os en la reforma del sistema de salud mental:<\/p>\n<p>Hacia un modelo comunitario, basado en la desinstitucionalizaci\u00f3n, la integraci\u00f3n de la atenci\u00f3n en salud mental desde el primer nivel de atenci\u00f3n.<\/p>\n<p>Ademas de la incorporaci\u00f3n de unidades de intervenci\u00f3n en crisis en hospitales generales, y la ampliaci\u00f3n en general de los servicios.<\/p>\n<h4>Autoridades de OPS durante foro salud mental.<\/h4>\n<p>Sin embargo, el doctor Ronveaux record\u00f3 que los profesionales y los servicios siguen siendo insuficientes dada la gran necesidad de la poblaci\u00f3n.<\/p>\n<p>En el Plan de acci\u00f3n integral sobre salud mental 2020-2030 de la OMS se proporciona un marco a fin de ayudar a los pa\u00edses a priorizar y poner en pr\u00e1ctica en el \u00e1mbito de la salud mental un enfoque que est\u00e9 centrado en las personas.<\/p>\n<p>Todo esto basado en sus derechos y orientado a la recuperaci\u00f3n y a invertir en servicios de salud mental basados en la comunidad.<\/p>\n<p>Que est\u00e9n en consonancia con las normas internacionales de derechos humanos.<\/p>\n<p>Con el fin de apoyar el desarrollo de estos enfoques en salud mental la Organizaci\u00f3n Mundial de la Salud.<\/p>\n<p>Ha creado la iniciativa Calidad y Derechos que tiene por objetivo mejorar la calidad de la atenci\u00f3n en los servicios de salud mental.<\/p>\n<p>Ademas de promover los derechos de las personas con problemas de salud mental y con discapacidades psicosociales e intelectuales.<\/p>\n<p>La OPS se mantiene firme a seguir\u00e1 apoyando los avances para mejorar la salud mental del pa\u00eds.<\/p>\n","protected":false},"excerpt":{"rendered":"<p>Autoridades de salud mental y OPS durante foro. OPS: Con el objetivo de generar un espacio de dialogo entre actores y sectores relevantes que permita poner en com\u00fan las posiciones. As\u00ed como de las implicaciones de los retos actuales en salud mental. Los mecanismos para asegurar la participaci\u00f3n y cooperaci\u00f3n de todos los sectores, la [&hellip;]<\/p>\n","protected":false},"author":1,"featured_media":7987,"comment_status":"open","ping_status":"closed","sticky":false,"template":"","format":"standard","meta":{"footnotes":""},"categories":[5,9,11],"tags":[],"class_list":["post-7985","post","type-post","status-publish","format-standard","has-post-thumbnail","hentry","category-internacional","category-politica","category-salud"],"_links":{"self":[{"href":"https:\/\/podernacional.com\/index.php?rest_route=\/wp\/v2\/posts\/7985","targetHints":{"allow":["GET"]}}],"collection":[{"href":"https:\/\/podernacional.com\/index.php?rest_route=\/wp\/v2\/posts"}],"about":[{"href":"https:\/\/podernacional.com\/index.php?rest_route=\/wp\/v2\/types\/post"}],"author":[{"embeddable":true,"href":"https:\/\/podernacional.com\/index.php?rest_route=\/wp\/v2\/users\/1"}],"replies":[{"embeddable":true,"href":"https:\/\/podernacional.com\/index.php?rest_route=%2Fwp%2Fv2%2Fcomments&post=7985"}],"version-history":[{"count":1,"href":"https:\/\/podernacional.com\/index.php?rest_route=\/wp\/v2\/posts\/7985\/revisions"}],"predecessor-version":[{"id":7986,"href":"https:\/\/podernacional.com\/index.php?rest_route=\/wp\/v2\/posts\/7985\/revisions\/7986"}],"wp:featuredmedia":[{"embeddable":true,"href":"https:\/\/podernacional.com\/index.php?rest_route=\/wp\/v2\/media\/7987"}],"wp:attachment":[{"href":"https:\/\/podernacional.com\/index.php?rest_route=%2Fwp%2Fv2%2Fmedia&parent=7985"}],"wp:term":[{"taxonomy":"category","embeddable":true,"href":"https:\/\/podernacional.com\/index.php?rest_route=%2Fwp%2Fv2%2Fcategories&post=7985"},{"taxonomy":"post_tag","embeddable":true,"href":"https:\/\/podernacional.com\/index.php?rest_route=%2Fwp%2Fv2%2Ftags&post=7985"}],"curies":[{"name":"wp","href":"https:\/\/api.w.org\/{rel}","templated":true}]}}